{"id":38388,"date":"2012-03-07T10:53:49","date_gmt":"2012-03-07T13:53:49","guid":{"rendered":"http:\/\/www.redenoticia.com.br\/noticia\/?p=38388"},"modified":"2012-03-07T10:53:49","modified_gmt":"2012-03-07T13:53:49","slug":"medidas-para-aumentar-o-numero-de-medicos-no-brasil","status":"publish","type":"post","link":"https:\/\/migracao.redenoticia.com.br\/noticia\/2012\/medidas-para-aumentar-o-numero-de-medicos-no-brasil\/38388","title":{"rendered":"Medidas para aumentar o n\u00famero de m\u00e9dicos no Brasil"},"content":{"rendered":"<p><img loading=\"lazy\" decoding=\"async\" class=\"alignleft size-full wp-image-35093\" title=\"saude\" src=\"https:\/\/migracao.redenoticia.com.br\/noticia\/imagens\/saude2.jpg\" alt=\"\" width=\"300\" height=\"193\" srcset=\"https:\/\/migracao.redenoticia.com.br\/noticia\/imagens\/saude2.jpg 300w, https:\/\/migracao.redenoticia.com.br\/noticia\/imagens\/saude2-250x160.jpg 250w, https:\/\/migracao.redenoticia.com.br\/noticia\/imagens\/saude2-150x96.jpg 150w\" sizes=\"auto, (max-width: 300px) 100vw, 300px\" \/>Os minist\u00e9rios da Educa\u00e7\u00e3o e da Sa\u00fade pretendem aumentar o n\u00famero de <em><strong>vagas<\/strong><\/em> para estudantes de <em><strong>medicina<\/strong><\/em>. Segundo dados da Organiza\u00e7\u00e3o Mundial da Sa\u00fade (OMS), o Brasil conta com 1,8 m\u00e9dico para cada mil habitantes, um \u00edndice inferior ao de outros pa\u00edses latino-americanos, como Argentina, que tem tr\u00eas m\u00e9dicos por mil habitantes, Uruguai, que tem 3,7, e Cuba (6,7). De acordo com o ministro da Educa\u00e7\u00e3o, Aloizio Mercadante, a meta do programa ser\u00e1 ampliar a quantidade de m\u00e9dicos no pa\u00eds para 2,5 por mil habitantes at\u00e9 2020.<\/p>\n<p>Para atingir esse objetivo, o MEC pretende aumentar o n\u00famero de vagas nas institui\u00e7\u00f5es federais que j\u00e1 possuem cursos de medicina e criar novas faculdades de medicina em universidades que ainda n\u00e3o oferecem o curso. Vai tamb\u00e9m estimular universidades estaduais e particulares com boa avalia\u00e7\u00e3o a abrir novas vagas. \u201cA diretriz \u00e9 ampliar com qualidade, e, pela responsabilidade que \u00e9 formar um m\u00e9dico, vamos trabalhar com as institui\u00e7\u00f5es de excel\u00eancia, p\u00fablicas e privadas\u201d, disse o ministro.<\/p>\n<p>Outra proposta \u00e9 aumentar o n\u00famero de oportunidades para resid\u00eancia m\u00e9dica no pa\u00eds, aumentando as vagas j\u00e1 existentes e buscando parcerias com hospitais de excel\u00eancia, que n\u00e3o tenham liga\u00e7\u00e3o com institui\u00e7\u00e3o de ensino da medicina.<\/p>\n<p>Al\u00e9m de enfrentar o problema da reduzida quantidade de m\u00e9dicos, a distribui\u00e7\u00e3o dos m\u00e9dicos pelo territ\u00f3rio nacional \u00e9 outro desafio a ser superado. Alguns estados da federa\u00e7\u00e3o \u2013 como Maranh\u00e3o \u2013 t\u00eam menos de um m\u00e9dico por mil habitantes, enquanto o Distrito Federal supera 3,8 m\u00e9dicos por mil habitantes.<\/p>\n<p>Diego Rocha<\/p>\n","protected":false},"excerpt":{"rendered":"<p>Os minist\u00e9rios da Educa\u00e7\u00e3o e da Sa\u00fade pretendem aumentar o n\u00famero de vagas para estudantes de medicina. Segundo dados da Organiza\u00e7\u00e3o Mundial da Sa\u00fade (OMS), o Brasil conta com 1,8 m\u00e9dico para cada mil habitantes, um \u00edndice inferior ao de outros pa\u00edses latino-americanos, como Argentina, que tem tr\u00eas m\u00e9dicos por mil habitantes, Uruguai, que tem [&hellip;]<\/p>\n","protected":false},"author":3,"featured_media":35093,"comment_status":"open","ping_status":"closed","sticky":false,"template":"","format":"standard","meta":{"tdm_status":"","tdm_grid_status":"","footnotes":""},"categories":[22],"tags":[],"class_list":{"0":"post-38388","1":"post","2":"type-post","3":"status-publish","4":"format-standard","5":"has-post-thumbnail","7":"category-brasil"},"_links":{"self":[{"href":"https:\/\/migracao.redenoticia.com.br\/noticia\/wp-json\/wp\/v2\/posts\/38388","targetHints":{"allow":["GET"]}}],"collection":[{"href":"https:\/\/migracao.redenoticia.com.br\/noticia\/wp-json\/wp\/v2\/posts"}],"about":[{"href":"https:\/\/migracao.redenoticia.com.br\/noticia\/wp-json\/wp\/v2\/types\/post"}],"author":[{"embeddable":true,"href":"https:\/\/migracao.redenoticia.com.br\/noticia\/wp-json\/wp\/v2\/users\/3"}],"replies":[{"embeddable":true,"href":"https:\/\/migracao.redenoticia.com.br\/noticia\/wp-json\/wp\/v2\/comments?post=38388"}],"version-history":[{"count":0,"href":"https:\/\/migracao.redenoticia.com.br\/noticia\/wp-json\/wp\/v2\/posts\/38388\/revisions"}],"wp:featuredmedia":[{"embeddable":true,"href":"https:\/\/migracao.redenoticia.com.br\/noticia\/wp-json\/wp\/v2\/media\/35093"}],"wp:attachment":[{"href":"https:\/\/migracao.redenoticia.com.br\/noticia\/wp-json\/wp\/v2\/media?parent=38388"}],"wp:term":[{"taxonomy":"category","embeddable":true,"href":"https:\/\/migracao.redenoticia.com.br\/noticia\/wp-json\/wp\/v2\/categories?post=38388"},{"taxonomy":"post_tag","embeddable":true,"href":"https:\/\/migracao.redenoticia.com.br\/noticia\/wp-json\/wp\/v2\/tags?post=38388"}],"curies":[{"name":"wp","href":"https:\/\/api.w.org\/{rel}","templated":true}]}}