{"id":38405,"date":"2012-03-08T12:21:15","date_gmt":"2012-03-08T15:21:15","guid":{"rendered":"http:\/\/www.redenoticia.com.br\/noticia\/?p=38405"},"modified":"2012-03-08T12:21:15","modified_gmt":"2012-03-08T15:21:15","slug":"professores-programam-paralisacao-de-tres-dias","status":"publish","type":"post","link":"https:\/\/migracao.redenoticia.com.br\/noticia\/2012\/professores-programam-paralisacao-de-tres-dias\/38405","title":{"rendered":"Professores programam paralisa\u00e7\u00e3o de tr\u00eas dias"},"content":{"rendered":"<p><img loading=\"lazy\" decoding=\"async\" class=\"alignleft size-full wp-image-34749\" title=\"professor\" src=\"https:\/\/migracao.redenoticia.com.br\/noticia\/imagens\/professor1.jpg\" alt=\"\" width=\"300\" height=\"193\" srcset=\"https:\/\/migracao.redenoticia.com.br\/noticia\/imagens\/professor1.jpg 300w, https:\/\/migracao.redenoticia.com.br\/noticia\/imagens\/professor1-250x160.jpg 250w, https:\/\/migracao.redenoticia.com.br\/noticia\/imagens\/professor1-150x96.jpg 150w\" sizes=\"auto, (max-width: 300px) 100vw, 300px\" \/>Bras\u00edlia \u2013 Na pr\u00f3xima semana, <em><strong>professores<\/strong><\/em> de todo o pa\u00eds planejam uma <em><strong>paralisa\u00e7\u00e3o<\/strong><\/em> de tr\u00eas dias para cobrar de governos estaduais e prefeituras o pagamento do piso nacional do magist\u00e9rio. A lei que instituiu uma remunera\u00e7\u00e3o m\u00ednima para profissionais da rede p\u00fablica foi aprovada em 2008, mas ainda hoje causa pol\u00eamica. Estados e munic\u00edpios alegam n\u00e3o ter recursos para pagar o piso, especialmente agora que o Minist\u00e9rio da Educa\u00e7\u00e3o (MEC) anunciou o valor para 2012 \u2013 R$ 1.451 &#8211; , com um reajuste de 22%.<\/p>\n<p>A categoria ir\u00e1 cruzar os bra\u00e7os entre os dias 13 e 16 de mar\u00e7o (de quarta a sexta-feira). Para o presidente da Confedera\u00e7\u00e3o Nacional dos Trabalhadores em Educa\u00e7\u00e3o (CNTE), Roberto Le\u00e3o, o fato de alguns estados ainda n\u00e3o cumprirem a lei refor\u00e7a a necessidade de um \u201cmovimento forte\u201d por parte da categoria para reivindicar melhorias na remunera\u00e7\u00e3o.<\/p>\n<p>\u201cEles [gestores p\u00fablicos] entendem que a lei precisa ser cumprida a partir do enfrentamento, da mobiliza\u00e7\u00e3o. Chega de brincar que est\u00e3o valorizando o professor\u201d, reclama Le\u00e3o. Nos estados e munic\u00edpios em que a Lei do Piso j\u00e1 \u00e9 cumprida, o presidente da CNTE avalia que a mobiliza\u00e7\u00e3o dever\u00e1 ser menos intensa, com foco nas reivindica\u00e7\u00f5es locais, inclusive a constru\u00e7\u00e3o de planos de carreira. \u201cNosso intuito n\u00e3o \u00e9 a paralisa\u00e7\u00e3o pela paralisa\u00e7\u00e3o, mas onde houver necessidade\u201d, explicou. As atividades s\u00e3o organizadas pelos sindicatos locais e incluir\u00e3o manifesta\u00e7\u00f5es nas sedes dos governos, passeatas e outros atos p\u00fablicos.<\/p>\n<p>Amanda Cieglinski<br \/>\nRep\u00f3rter da Ag\u00eancia Brasil<br \/>\nEdi\u00e7\u00e3o: Gra\u00e7a Adjuto<\/p>\n","protected":false},"excerpt":{"rendered":"<p>Bras\u00edlia \u2013 Na pr\u00f3xima semana, professores de todo o pa\u00eds planejam uma paralisa\u00e7\u00e3o de tr\u00eas dias para cobrar de governos estaduais e prefeituras o pagamento do piso nacional do magist\u00e9rio. A lei que instituiu uma remunera\u00e7\u00e3o m\u00ednima para profissionais da rede p\u00fablica foi aprovada em 2008, mas ainda hoje causa pol\u00eamica. Estados e munic\u00edpios alegam [&hellip;]<\/p>\n","protected":false},"author":3,"featured_media":34749,"comment_status":"open","ping_status":"closed","sticky":false,"template":"","format":"standard","meta":{"tdm_status":"","tdm_grid_status":"","footnotes":""},"categories":[22],"tags":[],"class_list":{"0":"post-38405","1":"post","2":"type-post","3":"status-publish","4":"format-standard","5":"has-post-thumbnail","7":"category-brasil"},"_links":{"self":[{"href":"https:\/\/migracao.redenoticia.com.br\/noticia\/wp-json\/wp\/v2\/posts\/38405","targetHints":{"allow":["GET"]}}],"collection":[{"href":"https:\/\/migracao.redenoticia.com.br\/noticia\/wp-json\/wp\/v2\/posts"}],"about":[{"href":"https:\/\/migracao.redenoticia.com.br\/noticia\/wp-json\/wp\/v2\/types\/post"}],"author":[{"embeddable":true,"href":"https:\/\/migracao.redenoticia.com.br\/noticia\/wp-json\/wp\/v2\/users\/3"}],"replies":[{"embeddable":true,"href":"https:\/\/migracao.redenoticia.com.br\/noticia\/wp-json\/wp\/v2\/comments?post=38405"}],"version-history":[{"count":0,"href":"https:\/\/migracao.redenoticia.com.br\/noticia\/wp-json\/wp\/v2\/posts\/38405\/revisions"}],"wp:featuredmedia":[{"embeddable":true,"href":"https:\/\/migracao.redenoticia.com.br\/noticia\/wp-json\/wp\/v2\/media\/34749"}],"wp:attachment":[{"href":"https:\/\/migracao.redenoticia.com.br\/noticia\/wp-json\/wp\/v2\/media?parent=38405"}],"wp:term":[{"taxonomy":"category","embeddable":true,"href":"https:\/\/migracao.redenoticia.com.br\/noticia\/wp-json\/wp\/v2\/categories?post=38405"},{"taxonomy":"post_tag","embeddable":true,"href":"https:\/\/migracao.redenoticia.com.br\/noticia\/wp-json\/wp\/v2\/tags?post=38405"}],"curies":[{"name":"wp","href":"https:\/\/api.w.org\/{rel}","templated":true}]}}