{"id":38415,"date":"2012-03-09T15:45:19","date_gmt":"2012-03-09T18:45:19","guid":{"rendered":"http:\/\/www.redenoticia.com.br\/noticia\/?p=38415"},"modified":"2012-03-09T15:45:19","modified_gmt":"2012-03-09T18:45:19","slug":"copa-de-2014-problemas-de-infraestrutura-e-servicos","status":"publish","type":"post","link":"https:\/\/migracao.redenoticia.com.br\/noticia\/2012\/copa-de-2014-problemas-de-infraestrutura-e-servicos\/38415","title":{"rendered":"Copa de 2014 &#8211; problemas de infraestrutura e servi\u00e7os"},"content":{"rendered":"<p><img loading=\"lazy\" decoding=\"async\" class=\"alignleft size-full wp-image-30249\" title=\"copa do mundo 2014\" src=\"https:\/\/migracao.redenoticia.com.br\/noticia\/imagens\/copa-do-mundo-2014.jpg\" alt=\"\" width=\"300\" height=\"193\" srcset=\"https:\/\/migracao.redenoticia.com.br\/noticia\/imagens\/copa-do-mundo-2014.jpg 300w, https:\/\/migracao.redenoticia.com.br\/noticia\/imagens\/copa-do-mundo-2014-250x161.jpg 250w, https:\/\/migracao.redenoticia.com.br\/noticia\/imagens\/copa-do-mundo-2014-150x97.jpg 150w\" sizes=\"auto, (max-width: 300px) 100vw, 300px\" \/>Rio de Janeiro \u2013 O ministro do Esporte, Aldo Rebelo, disse hoje (9) ter certeza de que os 12 est\u00e1dios brasileiros estar\u00e3o prontos para a <em><strong>Copa do Mundo de 2014<\/strong><\/em>. Rebelo acrescentou, no entanto, que h\u00e1 problemas de infraestrutura e servi\u00e7os que precisam ser sanados at\u00e9 a principal competi\u00e7\u00e3o do futebol mundial, que ser\u00e1 realizada no Brasil.<\/p>\n<p>As declara\u00e7\u00f5es foram feitas depois de vistoria \u00e0s obras de reforma do Est\u00e1dio Jornalista M\u00e1rio Filho, o Maracan\u00e3, no Rio de Janeiro, a \u00faltima das 12 arenas esportivas vistoriadas recentemente pelo ministro.<\/p>\n<p>\u201cN\u00f3s temos quest\u00f5es a enfrentar. Na \u00e1rea de telecomunica\u00e7\u00f5es, por exemplo, n\u00f3s vimos aqui no Rio de Janeiro, durante o carnaval. Tem determinados momentos em que o sistema praticamente entra em colapso. Temos a responsabilidade de melhorar e adequar o nosso sistema \u00e0 exig\u00eancia e ao padr\u00e3o desses grandes eventos. Na \u00e1rea de seguran\u00e7a, provid\u00eancias est\u00e3o sendo tomadas. Na \u00e1rea de sa\u00fade, tamb\u00e9m\u201d, disse.<\/p>\n<p>De acordo com o ministro, os aeroportos tamb\u00e9m apresentam problemas. No entanto, segundo ele, s\u00e3o quest\u00f5es relativamente f\u00e1ceis de solucionar, que n\u00e3o necessitam de grandes investimentos.<\/p>\n<p>\u201cO Brasil n\u00e3o tem problema na capacidade de pousar ou decolar um avi\u00e3o. O problema \u00e9 nos servi\u00e7os que se oferecem nos aeroportos. Quanto tempo um turista que vem do exterior leva para pegar sua bagagem? \u00c9 um tempo exagerado e sem necessidade. N\u00e3o precisa de infraestrutura nenhuma. Precisa de mais gente da Pol\u00edcia [Federal] e da Receita Federal para cumprir sua tarefa. Tamb\u00e9m \u00e9 preciso que a companhia a\u00e9rea tenha uma alternativa para prestar um servi\u00e7o em casos de pane de sistemas. Toda empresa tem que estar prevenida para essa hip\u00f3tese, para evitar filas\u201d, disse.<\/p>\n<p>Em coletiva \u00e0 imprensa, o ministro evitou comentar o afastamento de Ricardo Teixeira da presid\u00eancia da Confedera\u00e7\u00e3o Brasileira de Futebol (CBF). Ele disse que, se Teixeira deixar tamb\u00e9m a dire\u00e7\u00e3o do Comit\u00ea Organizador Local da Copa de 2014, o governo est\u00e1 preparado para cooperar com seu sucessor.<\/p>\n<p>Aldo Rebelo tamb\u00e9m foi perguntado por jornalistas se o governo brasileiro manteria a decis\u00e3o de n\u00e3o aceitar, como interlocutor, o secret\u00e1rio-geral da Federa\u00e7\u00e3o Internacional de Futebol (Fifa), J\u00e9r\u00f4me Valcke, mesmo tendo aceitado o pedido de desculpas da Fifa.<\/p>\n<p>O ministro n\u00e3o deixou claro se o governo aceitaria voltar a negociar com Valcke. Na sexta-feira (2), o secret\u00e1rio-geral disse, usando uma express\u00e3o em franc\u00eas, que as autoridades brasileiras precisavam de &#8220;um chute no traseiro&#8221;, no entendimento do governo, ou de um &#8220;empurr\u00e3o&#8221;, de acordo com tradu\u00e7\u00e3o do pr\u00f3prio Valcke, em rela\u00e7\u00e3o aos preparativos para o Mundial.<\/p>\n<p>Aldo Rebelo disse que o governo brasileiro est\u00e1 aberto a receber cr\u00edticas, mas que \u00e9 inaceit\u00e1vel que essas cr\u00edticas sejam feitas com \u201cdeterminado tipo de linguagem\u201d.<\/p>\n<p>Segundo o ministro, o presidente da Fifa, Joseph Blatter, vai visitar o Brasil nos pr\u00f3ximos dias e o dirigente j\u00e1 pediu uma audi\u00eancia com a presidenta da Rep\u00fablica, Dilma Rousseff. Aldo Rebelo n\u00e3o disse, entretanto, se a perman\u00eancia de Valcke como interlocutor da Fifa com o governo brasileiro ser\u00e1 discutida. \u201cVamos receb\u00ea-lo [Blatter] para tratar de assuntos comuns, relativos \u00e0 Copa do Mundo\u201d, disse.<\/p>\n<p>De acordo com o governo do Rio de Janeiro, o Maracan\u00e3, visitado hoje por Aldo Rebelo, est\u00e1 com 39% de suas obras conclu\u00eddas e deve ser entregue em fevereiro de 2013. O ministro elogiou o ritmo das obras e disse que o est\u00e1dio fluminense \u00e9 o que est\u00e1 em est\u00e1gio mais avan\u00e7ado entre as 12 arenas.<\/p>\n<p>Vitor Abdala<br \/>\nRep\u00f3rter da Ag\u00eancia Brasil<\/p>\n<p>Edi\u00e7\u00e3o: Juliana Andrade<\/p>\n","protected":false},"excerpt":{"rendered":"<p>Rio de Janeiro \u2013 O ministro do Esporte, Aldo Rebelo, disse hoje (9) ter certeza de que os 12 est\u00e1dios brasileiros estar\u00e3o prontos para a Copa do Mundo de 2014. Rebelo acrescentou, no entanto, que h\u00e1 problemas de infraestrutura e servi\u00e7os que precisam ser sanados at\u00e9 a principal competi\u00e7\u00e3o do futebol mundial, que ser\u00e1 realizada [&hellip;]<\/p>\n","protected":false},"author":3,"featured_media":30249,"comment_status":"open","ping_status":"closed","sticky":false,"template":"","format":"standard","meta":{"tdm_status":"","tdm_grid_status":"","footnotes":""},"categories":[22],"tags":[],"class_list":{"0":"post-38415","1":"post","2":"type-post","3":"status-publish","4":"format-standard","5":"has-post-thumbnail","7":"category-brasil"},"_links":{"self":[{"href":"https:\/\/migracao.redenoticia.com.br\/noticia\/wp-json\/wp\/v2\/posts\/38415","targetHints":{"allow":["GET"]}}],"collection":[{"href":"https:\/\/migracao.redenoticia.com.br\/noticia\/wp-json\/wp\/v2\/posts"}],"about":[{"href":"https:\/\/migracao.redenoticia.com.br\/noticia\/wp-json\/wp\/v2\/types\/post"}],"author":[{"embeddable":true,"href":"https:\/\/migracao.redenoticia.com.br\/noticia\/wp-json\/wp\/v2\/users\/3"}],"replies":[{"embeddable":true,"href":"https:\/\/migracao.redenoticia.com.br\/noticia\/wp-json\/wp\/v2\/comments?post=38415"}],"version-history":[{"count":0,"href":"https:\/\/migracao.redenoticia.com.br\/noticia\/wp-json\/wp\/v2\/posts\/38415\/revisions"}],"wp:featuredmedia":[{"embeddable":true,"href":"https:\/\/migracao.redenoticia.com.br\/noticia\/wp-json\/wp\/v2\/media\/30249"}],"wp:attachment":[{"href":"https:\/\/migracao.redenoticia.com.br\/noticia\/wp-json\/wp\/v2\/media?parent=38415"}],"wp:term":[{"taxonomy":"category","embeddable":true,"href":"https:\/\/migracao.redenoticia.com.br\/noticia\/wp-json\/wp\/v2\/categories?post=38415"},{"taxonomy":"post_tag","embeddable":true,"href":"https:\/\/migracao.redenoticia.com.br\/noticia\/wp-json\/wp\/v2\/tags?post=38415"}],"curies":[{"name":"wp","href":"https:\/\/api.w.org\/{rel}","templated":true}]}}