{"id":38416,"date":"2012-03-09T15:47:53","date_gmt":"2012-03-09T18:47:53","guid":{"rendered":"http:\/\/www.redenoticia.com.br\/noticia\/?p=38416"},"modified":"2012-03-09T15:47:53","modified_gmt":"2012-03-09T18:47:53","slug":"memorial-da-america-latina-apresenta-o-festival-ibero-americano","status":"publish","type":"post","link":"https:\/\/migracao.redenoticia.com.br\/noticia\/2012\/memorial-da-america-latina-apresenta-o-festival-ibero-americano\/38416","title":{"rendered":"Memorial da Am\u00e9rica Latina apresenta o Festival Ibero-americano"},"content":{"rendered":"<p><img loading=\"lazy\" decoding=\"async\" class=\"alignleft size-full wp-image-27918\" title=\"virada cultural sp\" src=\"https:\/\/migracao.redenoticia.com.br\/noticia\/imagens\/virada-cultural-sp-2010.jpg\" alt=\"\" width=\"300\" height=\"193\" srcset=\"https:\/\/migracao.redenoticia.com.br\/noticia\/imagens\/virada-cultural-sp-2010.jpg 300w, https:\/\/migracao.redenoticia.com.br\/noticia\/imagens\/virada-cultural-sp-2010-250x160.jpg 250w, https:\/\/migracao.redenoticia.com.br\/noticia\/imagens\/virada-cultural-sp-2010-150x96.jpg 150w\" sizes=\"auto, (max-width: 300px) 100vw, 300px\" \/>A Funda\u00e7\u00e3o Memorial da Am\u00e9rica Latina apresenta o 5\u00ba <em><strong>Festival Ibero-americano de Teatro de S\u00e3o Paulo<\/strong><\/em>, com a participa\u00e7\u00e3o de 13 companhias teatrais de pa\u00edses da Am\u00e9rica Latina e da Pen\u00ednsula Ib\u00e9rica. O evento ser\u00e1 aberto ao p\u00fablico, a partir de ter\u00e7a-feira, 13, a domingo, 18, com entrada franca. Est\u00e3o programadas seis montagens do Brasil, duas do Uruguai e as outras se dividem em Argentina, Paraguai, M\u00e9xico, Espanha e Portugal.<\/p>\n<p>Entre os destaques nacionais est\u00e1 a produ\u00e7\u00e3o O beijo no asfalto, de 1960, do dramaturgo pernambucano Nelson Rodrigues (1912-1980), que tem Marco Antonio Braz na dire\u00e7\u00e3o e Renato Borghi no elenco. A trag\u00e9dia carioca foi inspirada na hist\u00f3ria de um velho jornalista que, atropelado por um \u00f4nibus, ao se ver prestes a morrer pede um beijo na boca a um jovem que se debru\u00e7a para socorr\u00ea-lo. Um rep\u00f3rter sensacionalista e um delegado corrupto que presenciam a cena fazem do ato um esc\u00e2ndalo social, abalando a reputa\u00e7\u00e3o do rapaz que passa a ser v\u00edtima de intrigas no trabalho e em casa.<\/p>\n<p>Entre as companhias estrangeiras, a pe\u00e7a espanhola Katastrophe, de Alex Serrano e Pau Palacios, usa performance, dan\u00e7a, v\u00eddeo em cena e tecnologia interativa em sua linguagem c\u00eanica. Do Uruguai vem o espet\u00e1culo Como evitar enarmorar-se de un boludo, de Marcelo Puglia e Jorge Denevi, uma esp\u00e9cie de manual de sobreviv\u00eancia para mulheres que amam sempre o homem errado.<\/p>\n<p>Na montagem M\u00e9xico, Cidade do M\u00e9xico, de Roberto Avenda\u00f1o, tr\u00eas grupos art\u00edsticos realizam uma s\u00e9rie de jogos c\u00eanicos e improvisa\u00e7\u00f5es humor\u00edsticas usando elementos da cultura popular mexicana. O festival se encerra com a apresenta\u00e7\u00e3o portuguesa Um punhado de terra, de Pedro Eiras e dire\u00e7\u00e3o de Jos\u00e9 Leit\u00e3o, no qual um escravo narra a desdita da sua gera\u00e7\u00e3o, povo e ra\u00e7a na hist\u00f3ria do mundo.<\/p>\n<p>A mostra paralela apresenta oficina de cenografia, mesas de debates, al\u00e9m do circo-teatro, em uma lona montada ao lado do anfiteatro principal. Fazem parte da comiss\u00e3o de curadoria o cr\u00edtico de arte Edgar Ol\u00edmpio, da Associa\u00e7\u00e3o Paulista dos Cr\u00edticos de Arte (APCA), e o ator Caco Ciocler. A assessoria art\u00edstica do festival fica por conta de Elvira Gentil (Brasil), Gl\u00f3ria Levy (Am\u00e9rica Latina) e Jos\u00e9 Leit\u00e3o (Europa).<\/p>\n<p>Coordena\u00e7\u00e3o-geral de Fernando Calvozo, diretor de atividades culturais do memorial. O Festibero foi criado em 2008, com o objetivo de mostrar a diversidade cultural da produ\u00e7\u00e3o contempor\u00e2nea das artes c\u00eanicas de cada regi\u00e3o, a troca de experi\u00eancias entre diferentes artistas e companhias e a integra\u00e7\u00e3o dos povos latinos-americanos e ib\u00e9ricos. Programa\u00e7\u00e3o completa no site www.memorial.sp.gov.br.<\/p>\n<p>Memorial da Am\u00e9rica Latina &#8211; Audit\u00f3rio Sim\u00f3n Bol\u00edvar<br \/>\nAvenida Auro Soares de Moura Andrade, 664 &#8211; Barra Funda &#8211; S\u00e3o Paulo<br \/>\nTelefone (11) 3823-4600<br \/>\nTer\u00e7a-feira, 13, a domingo, 18, sess\u00f5es \u00e0s 19h e 21h<br \/>\nEntrada franca. Classifica\u00e7\u00e3o: livre<\/p>\n<p>Do Portal do Governo do Estado e Ag\u00eancia Imprensa Oficial<\/p>\n","protected":false},"excerpt":{"rendered":"<p>A Funda\u00e7\u00e3o Memorial da Am\u00e9rica Latina apresenta o 5\u00ba Festival Ibero-americano de Teatro de S\u00e3o Paulo, com a participa\u00e7\u00e3o de 13 companhias teatrais de pa\u00edses da Am\u00e9rica Latina e da Pen\u00ednsula Ib\u00e9rica. O evento ser\u00e1 aberto ao p\u00fablico, a partir de ter\u00e7a-feira, 13, a domingo, 18, com entrada franca. Est\u00e3o programadas seis montagens do Brasil, [&hellip;]<\/p>\n","protected":false},"author":3,"featured_media":27918,"comment_status":"open","ping_status":"closed","sticky":false,"template":"","format":"standard","meta":{"tdm_status":"","tdm_grid_status":"","footnotes":""},"categories":[22],"tags":[],"class_list":{"0":"post-38416","1":"post","2":"type-post","3":"status-publish","4":"format-standard","5":"has-post-thumbnail","7":"category-brasil"},"_links":{"self":[{"href":"https:\/\/migracao.redenoticia.com.br\/noticia\/wp-json\/wp\/v2\/posts\/38416","targetHints":{"allow":["GET"]}}],"collection":[{"href":"https:\/\/migracao.redenoticia.com.br\/noticia\/wp-json\/wp\/v2\/posts"}],"about":[{"href":"https:\/\/migracao.redenoticia.com.br\/noticia\/wp-json\/wp\/v2\/types\/post"}],"author":[{"embeddable":true,"href":"https:\/\/migracao.redenoticia.com.br\/noticia\/wp-json\/wp\/v2\/users\/3"}],"replies":[{"embeddable":true,"href":"https:\/\/migracao.redenoticia.com.br\/noticia\/wp-json\/wp\/v2\/comments?post=38416"}],"version-history":[{"count":0,"href":"https:\/\/migracao.redenoticia.com.br\/noticia\/wp-json\/wp\/v2\/posts\/38416\/revisions"}],"wp:featuredmedia":[{"embeddable":true,"href":"https:\/\/migracao.redenoticia.com.br\/noticia\/wp-json\/wp\/v2\/media\/27918"}],"wp:attachment":[{"href":"https:\/\/migracao.redenoticia.com.br\/noticia\/wp-json\/wp\/v2\/media?parent=38416"}],"wp:term":[{"taxonomy":"category","embeddable":true,"href":"https:\/\/migracao.redenoticia.com.br\/noticia\/wp-json\/wp\/v2\/categories?post=38416"},{"taxonomy":"post_tag","embeddable":true,"href":"https:\/\/migracao.redenoticia.com.br\/noticia\/wp-json\/wp\/v2\/tags?post=38416"}],"curies":[{"name":"wp","href":"https:\/\/api.w.org\/{rel}","templated":true}]}}