{"id":38430,"date":"2012-03-12T10:37:09","date_gmt":"2012-03-12T13:37:09","guid":{"rendered":"http:\/\/www.redenoticia.com.br\/noticia\/?p=38430"},"modified":"2012-03-12T10:37:09","modified_gmt":"2012-03-12T13:37:09","slug":"programa-internacional-avalia-capacidade-de-alunos-do-brasil","status":"publish","type":"post","link":"https:\/\/migracao.redenoticia.com.br\/noticia\/2012\/programa-internacional-avalia-capacidade-de-alunos-do-brasil\/38430","title":{"rendered":"Programa internacional avalia capacidade de alunos do Brasil"},"content":{"rendered":"<p><img loading=\"lazy\" decoding=\"async\" class=\"alignleft size-full wp-image-36265\" title=\"aluno b\" src=\"https:\/\/migracao.redenoticia.com.br\/noticia\/imagens\/aluno-b.jpg\" alt=\"\" width=\"300\" height=\"193\" srcset=\"https:\/\/migracao.redenoticia.com.br\/noticia\/imagens\/aluno-b.jpg 300w, https:\/\/migracao.redenoticia.com.br\/noticia\/imagens\/aluno-b-250x161.jpg 250w, https:\/\/migracao.redenoticia.com.br\/noticia\/imagens\/aluno-b-150x97.jpg 150w\" sizes=\"auto, (max-width: 300px) 100vw, 300px\" \/>Estudantes de 15 a 16 anos de idade de 902 escolas p\u00fablicas e particulares, das 27 unidades da Federa\u00e7\u00e3o, participam de 2 a 31 de maio do <em><strong>Programa Internacional de Avalia\u00e7\u00e3o de Alunos<\/strong><\/em> (Pisa). A avalia\u00e7\u00e3o compreende provas escritas de leitura, matem\u00e1tica e ci\u00eancias, e uma parcela dos estudantes responde tamb\u00e9m a testes eletr\u00f4nicos de leitura e resolu\u00e7\u00e3o de problemas matem\u00e1ticos.<\/p>\n<div>Para representar o pa\u00eds no exame internacional foram selecionadas 902 escolas das \u00e1reas urbanas e do campo, de capitais e de cidades do interior, dos 26 estados e do Distrito Federal. Pela regra do Pisa, participam neste ano alunos nascidos em 1996 que estejam cursando do s\u00e9timo ao nono ano do ensino fundamental ou de qualquer s\u00e9rie do ensino m\u00e9dio. A amostra brasileira ter\u00e1 25,7 mil estudantes.<\/div>\n<p>O Instituto Nacional de Estudos e Pesquisas Educacionais (Inep), que coordena o Pisa no pa\u00eds, estima que a execu\u00e7\u00e3o do programa custar\u00e1 R$ 2,8 milh\u00f5es. Os recursos ser\u00e3o aplicados numa s\u00e9rie de a\u00e7\u00f5es, entre elas, a sele\u00e7\u00e3o e treinamento de recursos humanos, infraestrutura de treinamento, digitaliza\u00e7\u00e3o das provas e question\u00e1rios, armazenamento do material. Na parte de pessoal, por exemplo, o exame envolve 27 coordenadores estaduais, 902 aplicadores (um por escola) e 902 coordenadores indicados pelas unidades participantes, entre outros profissionais da educa\u00e7\u00e3o.<\/p>\n<p>A cada edi\u00e7\u00e3o do exame, que \u00e9 realizado de tr\u00eas em tr\u00eas anos, a \u00eanfase recai sobre uma das \u00e1reas do conhecimento avaliadas. Em 2012, ser\u00e1 matem\u00e1tica.<\/p>\n<p>Evolu\u00e7\u00e3o \u2013 No per\u00edodo de 2000 a 2009, o Brasil aparece entre as tr\u00eas na\u00e7\u00f5es que mais evolu\u00edram no Pisa, segundo boletim da Organiza\u00e7\u00e3o para a Coopera\u00e7\u00e3o e Desenvolvimento Econ\u00f4mico (Ocde) divulgado em 2010. Nesse intervalo, a educa\u00e7\u00e3o b\u00e1sica brasileira evoluiu 33 pontos e foi superada pelo Chile, que cresceu 37 pontos, e por Luxemburgo, com avan\u00e7o de 38 pontos.<\/p>\n<p>Os dados da Ocde relativos ao Brasil mostram que, em 2000, a m\u00e9dia nacional das notas em leitura, matem\u00e1tica e ci\u00eancias era de 368 pontos; em 2009, a m\u00e9dia subiu para 401 pontos. Na tabela geral da Ocde, o Brasil ocupa a 53\u00aa posi\u00e7\u00e3o. Em 2009, a avalia\u00e7\u00e3o foi realizada em 65 pa\u00edses, 34 deles da Ocde. Participaram das provas 470 mil estudantes \u2013 sendo 20 mil brasileiros \u2013 que, no conjunto, representam a complexa realidade social e econ\u00f4mica dos pa\u00edses.<\/p>\n<p>Ionice Lorenzoni &#8211;\u00a0MEC<\/p>\n<p><a href=\"http:\/\/download.inep.gov.br\/acoes_internacionais\/pisa\/itens\/2011\/projeto_basico_aplicacao_pisa_2012_rev2.pdf\" target=\"_blank\">Confira<\/a> o projeto b\u00e1sico do Pisa 2012, elaborado pelo Inep<\/p>\n<p><a href=\"http:\/\/portal.inep.gov.br\/pisa-programa-internacional-de-avaliacao-de-alunos\" target=\"_blank\">Confira<\/a> a p\u00e1gina eletr\u00f4nica do Pisa no s\u00edtio do Inep<\/p>\n","protected":false},"excerpt":{"rendered":"<p>Estudantes de 15 a 16 anos de idade de 902 escolas p\u00fablicas e particulares, das 27 unidades da Federa\u00e7\u00e3o, participam de 2 a 31 de maio do Programa Internacional de Avalia\u00e7\u00e3o de Alunos (Pisa). A avalia\u00e7\u00e3o compreende provas escritas de leitura, matem\u00e1tica e ci\u00eancias, e uma parcela dos estudantes responde tamb\u00e9m a testes eletr\u00f4nicos de [&hellip;]<\/p>\n","protected":false},"author":3,"featured_media":36265,"comment_status":"open","ping_status":"closed","sticky":false,"template":"","format":"standard","meta":{"tdm_status":"","tdm_grid_status":"","footnotes":""},"categories":[22],"tags":[],"class_list":{"0":"post-38430","1":"post","2":"type-post","3":"status-publish","4":"format-standard","5":"has-post-thumbnail","7":"category-brasil"},"_links":{"self":[{"href":"https:\/\/migracao.redenoticia.com.br\/noticia\/wp-json\/wp\/v2\/posts\/38430","targetHints":{"allow":["GET"]}}],"collection":[{"href":"https:\/\/migracao.redenoticia.com.br\/noticia\/wp-json\/wp\/v2\/posts"}],"about":[{"href":"https:\/\/migracao.redenoticia.com.br\/noticia\/wp-json\/wp\/v2\/types\/post"}],"author":[{"embeddable":true,"href":"https:\/\/migracao.redenoticia.com.br\/noticia\/wp-json\/wp\/v2\/users\/3"}],"replies":[{"embeddable":true,"href":"https:\/\/migracao.redenoticia.com.br\/noticia\/wp-json\/wp\/v2\/comments?post=38430"}],"version-history":[{"count":0,"href":"https:\/\/migracao.redenoticia.com.br\/noticia\/wp-json\/wp\/v2\/posts\/38430\/revisions"}],"wp:featuredmedia":[{"embeddable":true,"href":"https:\/\/migracao.redenoticia.com.br\/noticia\/wp-json\/wp\/v2\/media\/36265"}],"wp:attachment":[{"href":"https:\/\/migracao.redenoticia.com.br\/noticia\/wp-json\/wp\/v2\/media?parent=38430"}],"wp:term":[{"taxonomy":"category","embeddable":true,"href":"https:\/\/migracao.redenoticia.com.br\/noticia\/wp-json\/wp\/v2\/categories?post=38430"},{"taxonomy":"post_tag","embeddable":true,"href":"https:\/\/migracao.redenoticia.com.br\/noticia\/wp-json\/wp\/v2\/tags?post=38430"}],"curies":[{"name":"wp","href":"https:\/\/api.w.org\/{rel}","templated":true}]}}