{"id":38437,"date":"2012-03-13T11:11:52","date_gmt":"2012-03-13T14:11:52","guid":{"rendered":"http:\/\/www.redenoticia.com.br\/noticia\/?p=38437"},"modified":"2012-03-13T14:44:47","modified_gmt":"2012-03-13T17:44:47","slug":"vaccarezza-quer-votar-codigo-florestal-e-lei-da-copa-esta-semana","status":"publish","type":"post","link":"https:\/\/migracao.redenoticia.com.br\/noticia\/2012\/vaccarezza-quer-votar-codigo-florestal-e-lei-da-copa-esta-semana\/38437","title":{"rendered":"Vaccarezza quer votar C\u00f3digo Florestal e Lei da Copa esta semana"},"content":{"rendered":"<p><img loading=\"lazy\" decoding=\"async\" class=\"alignleft size-full wp-image-30249\" title=\"copa do mundo 2014\" src=\"https:\/\/migracao.redenoticia.com.br\/noticia\/imagens\/copa-do-mundo-2014.jpg\" alt=\"\" width=\"300\" height=\"193\" srcset=\"https:\/\/migracao.redenoticia.com.br\/noticia\/imagens\/copa-do-mundo-2014.jpg 300w, https:\/\/migracao.redenoticia.com.br\/noticia\/imagens\/copa-do-mundo-2014-250x161.jpg 250w, https:\/\/migracao.redenoticia.com.br\/noticia\/imagens\/copa-do-mundo-2014-150x97.jpg 150w\" sizes=\"auto, (max-width: 300px) 100vw, 300px\" \/>Bras\u00edlia &#8211; O l\u00edder do governo na C\u00e2mara, deputado C\u00e2ndido Vaccarezza (PT-SP), disse h\u00e1 pouco que vai trabalhar para votar esta semana o projeto de lei do novo <em><strong>C\u00f3digo Florestal<\/strong><\/em> e a Lei Geral da Copa. Segundo ele, sempre h\u00e1 risco de n\u00e3o se votar, mas vai trabalhar para votar essas duas mat\u00e9rias. A vota\u00e7\u00e3o do C\u00f3digo Florestal est\u00e1 marcada para amanh\u00e3 (13) e da Lei da Copa para quarta-feira (14).<\/p>\n<p>O relator do c\u00f3digo, deputado Paulo Piau (PMDB-MG), continua negociando com o governo e com os congressistas o texto a ser colocado em vota\u00e7\u00e3o no plen\u00e1rio da C\u00e2mara. Piau disse que vai propor a rejei\u00e7\u00e3o de algumas mudan\u00e7as feitas pelo Senado no texto da C\u00e2mara.<\/p>\n<p>O relator dever\u00e1 manter o texto da C\u00e2mara que permite a planta\u00e7\u00e3o de cultura tempor\u00e1ria em v\u00e1rzeas para todas as propriedades. Segundo ele, os dois pontos mais pol\u00eamicos s\u00e3o as \u00e1reas de preserva\u00e7\u00e3o permanente (APPs) e a exig\u00eancia de 20 metros quadrados de \u00e1rea verde por habitante nas expans\u00f5es urbanas.<\/p>\n<p>Sobre a vota\u00e7\u00e3o da Lei Geral da Copa, o l\u00edder Vaccarezza declarou que est\u00e1 trabalhando para a aprova\u00e7\u00e3o do texto do relator, deputado Vicente C\u00e2ndido (PT-SP), que foi aprovado pela comiss\u00e3o especial com \u201cum pequeno ajuste que \u00e9 o respeito ao Estatuto do Idoso em qualquer situa\u00e7\u00e3o\u201d.<\/p>\n<p>Em rela\u00e7\u00e3o \u00e0 decis\u00e3o do Supremo Tribunal Federal (STF) sobre a tramita\u00e7\u00e3o das medidas provis\u00f3rias no Congresso, o l\u00edder governista disse que a Constitui\u00e7\u00e3o n\u00e3o obriga que a medida provis\u00f3ria tenha que passar por uma comiss\u00e3o especial. \u201cEla [Constitui\u00e7\u00e3o] estabelece um rito\u201d.<\/p>\n<p>Segundo ele, o Congresso vai fazer sua parte. \u201cO Congresso tem sua autonomia de como fazer\u201d. Para Vaccarezza, se o Supremo decidir que a aprova\u00e7\u00e3o foi inconstitucional, caber\u00e1 ao Congresso acatar. \u201cDecis\u00e3o do Supremo n\u00e3o se discute, cumpre-se\u201d, declarou.<\/p>\n<p>Iolando Louren\u00e7o<br \/>\nRep\u00f3rter da Ag\u00eancia Brasil<\/p>\n<p>Edi\u00e7\u00e3o: A\u00e9cio Amado<\/p>\n","protected":false},"excerpt":{"rendered":"<p>Bras\u00edlia &#8211; O l\u00edder do governo na C\u00e2mara, deputado C\u00e2ndido Vaccarezza (PT-SP), disse h\u00e1 pouco que vai trabalhar para votar esta semana o projeto de lei do novo C\u00f3digo Florestal e a Lei Geral da Copa. Segundo ele, sempre h\u00e1 risco de n\u00e3o se votar, mas vai trabalhar para votar essas duas mat\u00e9rias. A vota\u00e7\u00e3o [&hellip;]<\/p>\n","protected":false},"author":3,"featured_media":30249,"comment_status":"open","ping_status":"closed","sticky":false,"template":"","format":"standard","meta":{"tdm_status":"","tdm_grid_status":"","footnotes":""},"categories":[22],"tags":[],"class_list":{"0":"post-38437","1":"post","2":"type-post","3":"status-publish","4":"format-standard","5":"has-post-thumbnail","7":"category-brasil"},"_links":{"self":[{"href":"https:\/\/migracao.redenoticia.com.br\/noticia\/wp-json\/wp\/v2\/posts\/38437","targetHints":{"allow":["GET"]}}],"collection":[{"href":"https:\/\/migracao.redenoticia.com.br\/noticia\/wp-json\/wp\/v2\/posts"}],"about":[{"href":"https:\/\/migracao.redenoticia.com.br\/noticia\/wp-json\/wp\/v2\/types\/post"}],"author":[{"embeddable":true,"href":"https:\/\/migracao.redenoticia.com.br\/noticia\/wp-json\/wp\/v2\/users\/3"}],"replies":[{"embeddable":true,"href":"https:\/\/migracao.redenoticia.com.br\/noticia\/wp-json\/wp\/v2\/comments?post=38437"}],"version-history":[{"count":0,"href":"https:\/\/migracao.redenoticia.com.br\/noticia\/wp-json\/wp\/v2\/posts\/38437\/revisions"}],"wp:featuredmedia":[{"embeddable":true,"href":"https:\/\/migracao.redenoticia.com.br\/noticia\/wp-json\/wp\/v2\/media\/30249"}],"wp:attachment":[{"href":"https:\/\/migracao.redenoticia.com.br\/noticia\/wp-json\/wp\/v2\/media?parent=38437"}],"wp:term":[{"taxonomy":"category","embeddable":true,"href":"https:\/\/migracao.redenoticia.com.br\/noticia\/wp-json\/wp\/v2\/categories?post=38437"},{"taxonomy":"post_tag","embeddable":true,"href":"https:\/\/migracao.redenoticia.com.br\/noticia\/wp-json\/wp\/v2\/tags?post=38437"}],"curies":[{"name":"wp","href":"https:\/\/api.w.org\/{rel}","templated":true}]}}