{"id":38439,"date":"2012-03-13T11:18:08","date_gmt":"2012-03-13T14:18:08","guid":{"rendered":"http:\/\/www.redenoticia.com.br\/noticia\/?p=38439"},"modified":"2012-03-13T11:18:08","modified_gmt":"2012-03-13T14:18:08","slug":"educadores-e-gestores-discutem-o-futuro-dos-programas-do-livro","status":"publish","type":"post","link":"https:\/\/migracao.redenoticia.com.br\/noticia\/2012\/educadores-e-gestores-discutem-o-futuro-dos-programas-do-livro\/38439","title":{"rendered":"Educadores e gestores discutem o futuro dos programas do livro"},"content":{"rendered":"<p><img loading=\"lazy\" decoding=\"async\" class=\"alignleft size-full wp-image-34821\" title=\"livro\" src=\"https:\/\/migracao.redenoticia.com.br\/noticia\/imagens\/livro1.jpg\" alt=\"\" width=\"300\" height=\"193\" srcset=\"https:\/\/migracao.redenoticia.com.br\/noticia\/imagens\/livro1.jpg 300w, https:\/\/migracao.redenoticia.com.br\/noticia\/imagens\/livro1-250x160.jpg 250w, https:\/\/migracao.redenoticia.com.br\/noticia\/imagens\/livro1-150x96.jpg 150w\" sizes=\"auto, (max-width: 300px) 100vw, 300px\" \/>Discutir, avaliar e planejar o futuro do Programa Nacional do <em><strong>Livro<\/strong><\/em> Did\u00e1tico (<em><strong>PNLD<\/strong><\/em>) e do Programa Nacional Biblioteca da Escola (PNBE) s\u00e3o os objetivos do 13\u00ba Encontro T\u00e9cnico Nacional dos Programas do Livro, promovido pelo Fundo Nacional de Desenvolvimento da Educa\u00e7\u00e3o (FNDE). O evento acontece a partir desta ter\u00e7a-feira, 13, e prossegue at\u00e9 a sexta, 16, em Curitiba.<\/p>\n<p>O evento reunir\u00e1 gestores municipais e estaduais de educa\u00e7\u00e3o, representantes de escolas federais, membros do Conselho Nacional de Secret\u00e1rios de Educa\u00e7\u00e3o (Consed) e da Uni\u00e3o Nacional dos Dirigentes Municipais de Educa\u00e7\u00e3o (Undime), al\u00e9m de outros parceiros do FNDE, como integrantes das secretarias de Educa\u00e7\u00e3o B\u00e1sica (SEB) e de Educa\u00e7\u00e3o Continuada, Alfabetiza\u00e7\u00e3o, Diversidade e Inclus\u00e3o (Secadi), do Minist\u00e9rio da Educa\u00e7\u00e3o.<\/p>\n<p>Tamb\u00e9m participar\u00e3o representantes do Instituto de Estudos e Pesquisas Educacionais (Inep), dos Correios e de \u00f3rg\u00e3os de controle, como a Controladoria-Geral da Uni\u00e3o (CGU) e o Tribunal de Contas da Uni\u00e3o (TCU).<\/p>\n<p>Durante os quatro dias, gestores e t\u00e9cnicos v\u00e3o avaliar os programas e debater novas a\u00e7\u00f5es para aprimor\u00e1-los. Tamb\u00e9m ser\u00e3o apresentadas as iniciativas vencedoras do 1\u00ba Concurso A\u00e7\u00f5es Inovadoras no Livro Did\u00e1tico, promovido pelo FNDE no segundo semestre do ano passado. Na \u00e9poca, foram premiadas tr\u00eas secretarias de educa\u00e7\u00e3o, uma escola em cada uma das cinco regi\u00f5es do pa\u00eds e uma unidade de ensino em \u00e2mbito nacional.<\/p>\n<p>O certame foi criado para selecionar boas pr\u00e1ticas sobre remanejamento, conserva\u00e7\u00e3o e devolu\u00e7\u00e3o das obras did\u00e1ticas. Al\u00e9m de premiar as melhores a\u00e7\u00f5es, o objetivo \u00e9 disseminar essas experi\u00eancias para que outras redes de ensino possam aplic\u00e1-las em suas localidades.<\/p>\n<p>PNLD \u2013 O Programa Nacional do Livro Did\u00e1tico (PNLD) visa prover as escolas p\u00fablicas de ensino fundamental e m\u00e9dio com livros did\u00e1ticos, dicion\u00e1rios e obras complementares de qualidade. Atende tamb\u00e9m aos alunos da educa\u00e7\u00e3o de jovens e adultos das redes p\u00fablicas de ensino e das entidades parceiras do Programa Brasil Alfabetizado.<\/p>\n<p>O PNLD \u00e9 executado em ciclos trienais alternados. Assim, a cada ano o FNDE adquire e distribui livros para todos os alunos de determinada etapa de ensino: anos iniciais do ensino fundamental, anos finais do ensino fundamental ou ensino m\u00e9dio.<\/p>\n<p>Em 2012, o or\u00e7amento previsto \u00e9 de R$ 1,48 bilh\u00e3o, destinado \u00e0 compra de livros did\u00e1ticos para os anos iniciais do ensino fundamental e reposi\u00e7\u00e3o e complementa\u00e7\u00e3o dos livros anteriormente distribu\u00eddos aos anos finais do ensino fundamental e ao ensino m\u00e9dio.<\/p>\n<p>PNBE \u2013 Por meio da distribui\u00e7\u00e3o de acervos de obras de literatura, de pesquisa e de refer\u00eancia a escolas p\u00fablicas de todo o pa\u00eds, o Programa Nacional Biblioteca da Escola (PNBE) procura democratizar o acesso \u00e0s fontes de informa\u00e7\u00e3o, fomentar a leitura e formar alunos e professores leitores.<\/p>\n<p>Desde que foi criado, em 1997, o programa vem se modificando e se adequando \u00e0 realidade e \u00e0s necessidades educacionais. Um exemplo \u00e9 a garantia do acesso dos alunos cegos e com baixa vis\u00e3o aos livros distribu\u00eddos, com sua adapta\u00e7\u00e3o e distribui\u00e7\u00e3o em Libras e MecDaisy.<\/p>\n<p>Os livros aprovados e adquiridos para o PNBE 2012 est\u00e3o em fase de distribui\u00e7\u00e3o \u00e0s escolas. O material deste ano \u00e9 destinado \u00e0s bibliotecas das escolas p\u00fablicas que ofere\u00e7am anos iniciais do ensino fundamental, educa\u00e7\u00e3o de jovens e adultos (etapas de ensino fundamental e m\u00e9dio) e educa\u00e7\u00e3o infantil (creches e pr\u00e9-escolas).<\/p>\n<p>Assessoria de Comunica\u00e7\u00e3o Social<\/p>\n<p><a href=\"http:\/\/www.fnde.gov.br\/index.php\/ph-arquivos\/category\/58-2012?download=1068%3Aprogramacao-evento-livro-didatico-2012\" target=\"_blank\">Confira<\/a> a programa\u00e7\u00e3o do encontro<\/p>\n","protected":false},"excerpt":{"rendered":"<p>Discutir, avaliar e planejar o futuro do Programa Nacional do Livro Did\u00e1tico (PNLD) e do Programa Nacional Biblioteca da Escola (PNBE) s\u00e3o os objetivos do 13\u00ba Encontro T\u00e9cnico Nacional dos Programas do Livro, promovido pelo Fundo Nacional de Desenvolvimento da Educa\u00e7\u00e3o (FNDE). O evento acontece a partir desta ter\u00e7a-feira, 13, e prossegue at\u00e9 a sexta, [&hellip;]<\/p>\n","protected":false},"author":3,"featured_media":34821,"comment_status":"open","ping_status":"closed","sticky":false,"template":"","format":"standard","meta":{"tdm_status":"","tdm_grid_status":"","footnotes":""},"categories":[22],"tags":[],"class_list":{"0":"post-38439","1":"post","2":"type-post","3":"status-publish","4":"format-standard","5":"has-post-thumbnail","7":"category-brasil"},"_links":{"self":[{"href":"https:\/\/migracao.redenoticia.com.br\/noticia\/wp-json\/wp\/v2\/posts\/38439","targetHints":{"allow":["GET"]}}],"collection":[{"href":"https:\/\/migracao.redenoticia.com.br\/noticia\/wp-json\/wp\/v2\/posts"}],"about":[{"href":"https:\/\/migracao.redenoticia.com.br\/noticia\/wp-json\/wp\/v2\/types\/post"}],"author":[{"embeddable":true,"href":"https:\/\/migracao.redenoticia.com.br\/noticia\/wp-json\/wp\/v2\/users\/3"}],"replies":[{"embeddable":true,"href":"https:\/\/migracao.redenoticia.com.br\/noticia\/wp-json\/wp\/v2\/comments?post=38439"}],"version-history":[{"count":0,"href":"https:\/\/migracao.redenoticia.com.br\/noticia\/wp-json\/wp\/v2\/posts\/38439\/revisions"}],"wp:featuredmedia":[{"embeddable":true,"href":"https:\/\/migracao.redenoticia.com.br\/noticia\/wp-json\/wp\/v2\/media\/34821"}],"wp:attachment":[{"href":"https:\/\/migracao.redenoticia.com.br\/noticia\/wp-json\/wp\/v2\/media?parent=38439"}],"wp:term":[{"taxonomy":"category","embeddable":true,"href":"https:\/\/migracao.redenoticia.com.br\/noticia\/wp-json\/wp\/v2\/categories?post=38439"},{"taxonomy":"post_tag","embeddable":true,"href":"https:\/\/migracao.redenoticia.com.br\/noticia\/wp-json\/wp\/v2\/tags?post=38439"}],"curies":[{"name":"wp","href":"https:\/\/api.w.org\/{rel}","templated":true}]}}