{"id":38448,"date":"2012-03-13T11:42:03","date_gmt":"2012-03-13T14:42:03","guid":{"rendered":"http:\/\/www.redenoticia.com.br\/noticia\/?p=38448"},"modified":"2012-03-13T14:44:16","modified_gmt":"2012-03-13T17:44:16","slug":"unesp-tera-11-novos-cursos-na-area-de-engenharia","status":"publish","type":"post","link":"https:\/\/migracao.redenoticia.com.br\/noticia\/2012\/unesp-tera-11-novos-cursos-na-area-de-engenharia\/38448","title":{"rendered":"Unesp ter\u00e1 11 novos cursos na \u00e1rea de Engenharia"},"content":{"rendered":"<p><img loading=\"lazy\" decoding=\"async\" class=\"alignleft size-full wp-image-36244\" title=\"aluno vestibular\" src=\"https:\/\/migracao.redenoticia.com.br\/noticia\/imagens\/aluno-vestibular.jpg\" alt=\"\" width=\"300\" height=\"193\" srcset=\"https:\/\/migracao.redenoticia.com.br\/noticia\/imagens\/aluno-vestibular.jpg 300w, https:\/\/migracao.redenoticia.com.br\/noticia\/imagens\/aluno-vestibular-250x161.jpg 250w, https:\/\/migracao.redenoticia.com.br\/noticia\/imagens\/aluno-vestibular-150x97.jpg 150w\" sizes=\"auto, (max-width: 300px) 100vw, 300px\" \/>A Universidade Estadual Paulista J\u00falio de Mesquita Filho (<em><strong>Unesp<\/strong><\/em>) vai ganhar 11 <em><strong>novos cursos na \u00e1rea de Engenharia<\/strong><\/em> a partir deste ano. O Projeto de Lei que autoriza o repasse de recursos para implanta\u00e7\u00e3o dos cursos foi assinado pelo governador Geraldo Alckmin nesta ter\u00e7a, 13. Nove cidades paulistas foram escolhidas para abrigar os campi &#8211; Araraquara, Botucatu, Dracena, Itapeva, Registro, Rosana, S\u00e3o Jo\u00e3o da Boa Vista, S\u00e3o Jos\u00e9 dos Campos e Tup\u00e3. Em S\u00e3o Jo\u00e3o da Boa Vista, dois cursos ir\u00e3o compor um novo campus da universidade no munic\u00edpio.<\/p>\n<p>&#8220;Engenharia est\u00e1 na nossa vida, na nossa casa, no autom\u00f3vel, na energia, na luz que a gente liga, no celular que a gente fala, t\u00e1 presente no mundo moderno em todas as \u00e1reas. E hoje \u00e9 emprego, porque \u00e9 competitividade, inova\u00e7\u00e3o, cria\u00e7\u00e3o, que s\u00e3o as bases do desenvolvimento&#8221;, disse Alckmin.<\/p>\n<p>A implanta\u00e7\u00e3o come\u00e7a a partir deste ano e prossegue at\u00e9 2014. Ao final dos pr\u00f3ximos cinco anos, a Unesp dever\u00e1 ter mais 2.200 novos alunos em suas atividades de ensino, pesquisa e extens\u00e3o. A prioriza\u00e7\u00e3o das engenharias levou em conta estudo publicado em 2010 pelo Instituto de Estudos para o Desenvolvimento Industrial (IEDI), que destacou a diminui\u00e7\u00e3o da participa\u00e7\u00e3o relativa da forma\u00e7\u00e3o de engenheiros no Brasil.<\/p>\n<p>Os novos cursos fazem parte de um programa de expans\u00e3o da universidade e levou em considera\u00e7\u00e3o necessidades nacionais, estaduais e locais. Quatro eixos circunstanciaram o plano: aspectos regionais, voca\u00e7\u00e3o da unidade universit\u00e1ria, aspectos acad\u00eamicos e administrativos.<\/p>\n<p>O Conselho Universit\u00e1rio, \u00f3rg\u00e3o m\u00e1ximo da institui\u00e7\u00e3o, deu o aval para a implanta\u00e7\u00e3o dos cursos no \u00faltimo dia 8 de mar\u00e7o. O projeto pedag\u00f3gico, o nome definitivo e os custos de cada um ainda ser\u00e3o discutidos nas diversas inst\u00e2ncias pedag\u00f3gicas e administrativas da universidade.<\/p>\n<p>Os cursos aprovados s\u00e3o:<\/p>\n<p>Araraquara &#8211; Engenharia de Bioprocessos (40 vagas) e Engenharia Qu\u00edmica (40 vagas);<\/p>\n<p>Botucatu &#8211; Engenharia de Bioprocessos (40 vagas);<\/p>\n<p>Dracena &#8211; Engenharia Agron\u00f4mica (40 vagas);<\/p>\n<p>Itapeva &#8211; Engenharia de Manufatura (40 vagas);<\/p>\n<p>Registro &#8211; Engenharia de Pesca (40 vagas);<\/p>\n<p>Rosana &#8211; Engenharia de Energia e Recursos Renov\u00e1veis (40 vagas);<\/p>\n<p>S\u00e3o Jo\u00e3o da Boa Vista &#8211; Engenharia Eletrot\u00e9cnica (40 vagas cada) e Engenharia de Materiais (40 vagas);<\/p>\n<p>S\u00e3o Jos\u00e9 dos Campos &#8211; Engenharia Ambiental (40 vagas);<\/p>\n<p>Tup\u00e3 &#8211; Engenharia de Biossistemas (40 vagas).<\/p>\n<p>Do Portal do Governo do Estado<\/p>\n","protected":false},"excerpt":{"rendered":"<p>A Universidade Estadual Paulista J\u00falio de Mesquita Filho (Unesp) vai ganhar 11 novos cursos na \u00e1rea de Engenharia a partir deste ano. O Projeto de Lei que autoriza o repasse de recursos para implanta\u00e7\u00e3o dos cursos foi assinado pelo governador Geraldo Alckmin nesta ter\u00e7a, 13. Nove cidades paulistas foram escolhidas para abrigar os campi &#8211; [&hellip;]<\/p>\n","protected":false},"author":3,"featured_media":36244,"comment_status":"open","ping_status":"closed","sticky":false,"template":"","format":"standard","meta":{"tdm_status":"","tdm_grid_status":"","footnotes":""},"categories":[22,370,295],"tags":[],"class_list":{"0":"post-38448","1":"post","2":"type-post","3":"status-publish","4":"format-standard","5":"has-post-thumbnail","7":"category-brasil","8":"category-inscricao","9":"category-vestibular"},"_links":{"self":[{"href":"https:\/\/migracao.redenoticia.com.br\/noticia\/wp-json\/wp\/v2\/posts\/38448","targetHints":{"allow":["GET"]}}],"collection":[{"href":"https:\/\/migracao.redenoticia.com.br\/noticia\/wp-json\/wp\/v2\/posts"}],"about":[{"href":"https:\/\/migracao.redenoticia.com.br\/noticia\/wp-json\/wp\/v2\/types\/post"}],"author":[{"embeddable":true,"href":"https:\/\/migracao.redenoticia.com.br\/noticia\/wp-json\/wp\/v2\/users\/3"}],"replies":[{"embeddable":true,"href":"https:\/\/migracao.redenoticia.com.br\/noticia\/wp-json\/wp\/v2\/comments?post=38448"}],"version-history":[{"count":0,"href":"https:\/\/migracao.redenoticia.com.br\/noticia\/wp-json\/wp\/v2\/posts\/38448\/revisions"}],"wp:featuredmedia":[{"embeddable":true,"href":"https:\/\/migracao.redenoticia.com.br\/noticia\/wp-json\/wp\/v2\/media\/36244"}],"wp:attachment":[{"href":"https:\/\/migracao.redenoticia.com.br\/noticia\/wp-json\/wp\/v2\/media?parent=38448"}],"wp:term":[{"taxonomy":"category","embeddable":true,"href":"https:\/\/migracao.redenoticia.com.br\/noticia\/wp-json\/wp\/v2\/categories?post=38448"},{"taxonomy":"post_tag","embeddable":true,"href":"https:\/\/migracao.redenoticia.com.br\/noticia\/wp-json\/wp\/v2\/tags?post=38448"}],"curies":[{"name":"wp","href":"https:\/\/api.w.org\/{rel}","templated":true}]}}