{"id":38454,"date":"2012-03-14T12:00:38","date_gmt":"2012-03-14T15:00:38","guid":{"rendered":"http:\/\/www.redenoticia.com.br\/noticia\/?p=38454"},"modified":"2012-03-14T12:00:38","modified_gmt":"2012-03-14T15:00:38","slug":"unesp-forma-primeira-turma-de-especializacao-a-distancia","status":"publish","type":"post","link":"https:\/\/migracao.redenoticia.com.br\/noticia\/2012\/unesp-forma-primeira-turma-de-especializacao-a-distancia\/38454","title":{"rendered":"Unesp forma primeira turma de especializa\u00e7\u00e3o a dist\u00e2ncia"},"content":{"rendered":"<p><img loading=\"lazy\" decoding=\"async\" class=\"alignleft size-full wp-image-37419\" title=\"computador tecnologia\" src=\"https:\/\/migracao.redenoticia.com.br\/noticia\/imagens\/computador-tecnologia.jpg\" alt=\"\" width=\"300\" height=\"193\" srcset=\"https:\/\/migracao.redenoticia.com.br\/noticia\/imagens\/computador-tecnologia.jpg 300w, https:\/\/migracao.redenoticia.com.br\/noticia\/imagens\/computador-tecnologia-250x161.jpg 250w, https:\/\/migracao.redenoticia.com.br\/noticia\/imagens\/computador-tecnologia-150x97.jpg 150w\" sizes=\"auto, (max-width: 300px) 100vw, 300px\" \/>Em parceria com a Secretaria da Educa\u00e7\u00e3o, a <em><strong>Unesp<\/strong><\/em> especializou 1.100 professores, ao longo de 12 meses, em cinco \u00e1reas do conhecimento: L\u00edngua Inglesa, Arte, Geografia, Filosofia e Qu\u00edmica. A especializa\u00e7\u00e3o a dist\u00e2ncia destina-se a forma\u00e7\u00e3o de professores do ensino m\u00e9dio e do segundo ciclo do ensino fundamental (6\u00ba ao 9\u00ba anos). A a\u00e7\u00e3o integra o programa Rede S\u00e3o Paulo de Forma\u00e7\u00e3o Docente (<em><strong>Redefor<\/strong><\/em>).<\/p>\n<p>Os cursos foram oferecidos pela Pr\u00f3-Reitoria de P\u00f3s-Gradua\u00e7\u00e3o (Propg) da Unesp e resultaram na primeira iniciativa de Especializa\u00e7\u00e3o a dist\u00e2ncia da institui\u00e7\u00e3o a concluir turma. A segunda edi\u00e7\u00e3o teve in\u00edcio em setembro de 2011 com 3.950 alunos.<\/p>\n<p>Al\u00e9m da Unesp, as outras duas universidades p\u00fablicas estaduais (USP e Unicamp) tamb\u00e9m oferecem cursos pelo programa Redefor. A dura\u00e7\u00e3o \u00e9 de 12 meses, com carga hor\u00e1ria total de 360 horas, divididas em 320 horas de atividades no Ambiente Virtual de Aprendizagem e 40 horas em encontros presenciais. Ao todo s\u00e3o oito disciplinas, al\u00e9m das avalia\u00e7\u00f5es presenciais. Ao final, o estudante elabora um trabalho de conclus\u00e3o de curso.<\/p>\n<p>Do Portal do Governo do Estado<\/p>\n","protected":false},"excerpt":{"rendered":"<p>Em parceria com a Secretaria da Educa\u00e7\u00e3o, a Unesp especializou 1.100 professores, ao longo de 12 meses, em cinco \u00e1reas do conhecimento: L\u00edngua Inglesa, Arte, Geografia, Filosofia e Qu\u00edmica. A especializa\u00e7\u00e3o a dist\u00e2ncia destina-se a forma\u00e7\u00e3o de professores do ensino m\u00e9dio e do segundo ciclo do ensino fundamental (6\u00ba ao 9\u00ba anos). A a\u00e7\u00e3o integra [&hellip;]<\/p>\n","protected":false},"author":3,"featured_media":37419,"comment_status":"open","ping_status":"closed","sticky":false,"template":"","format":"standard","meta":{"tdm_status":"","tdm_grid_status":"","footnotes":""},"categories":[22],"tags":[],"class_list":{"0":"post-38454","1":"post","2":"type-post","3":"status-publish","4":"format-standard","5":"has-post-thumbnail","7":"category-brasil"},"_links":{"self":[{"href":"https:\/\/migracao.redenoticia.com.br\/noticia\/wp-json\/wp\/v2\/posts\/38454","targetHints":{"allow":["GET"]}}],"collection":[{"href":"https:\/\/migracao.redenoticia.com.br\/noticia\/wp-json\/wp\/v2\/posts"}],"about":[{"href":"https:\/\/migracao.redenoticia.com.br\/noticia\/wp-json\/wp\/v2\/types\/post"}],"author":[{"embeddable":true,"href":"https:\/\/migracao.redenoticia.com.br\/noticia\/wp-json\/wp\/v2\/users\/3"}],"replies":[{"embeddable":true,"href":"https:\/\/migracao.redenoticia.com.br\/noticia\/wp-json\/wp\/v2\/comments?post=38454"}],"version-history":[{"count":0,"href":"https:\/\/migracao.redenoticia.com.br\/noticia\/wp-json\/wp\/v2\/posts\/38454\/revisions"}],"wp:featuredmedia":[{"embeddable":true,"href":"https:\/\/migracao.redenoticia.com.br\/noticia\/wp-json\/wp\/v2\/media\/37419"}],"wp:attachment":[{"href":"https:\/\/migracao.redenoticia.com.br\/noticia\/wp-json\/wp\/v2\/media?parent=38454"}],"wp:term":[{"taxonomy":"category","embeddable":true,"href":"https:\/\/migracao.redenoticia.com.br\/noticia\/wp-json\/wp\/v2\/categories?post=38454"},{"taxonomy":"post_tag","embeddable":true,"href":"https:\/\/migracao.redenoticia.com.br\/noticia\/wp-json\/wp\/v2\/tags?post=38454"}],"curies":[{"name":"wp","href":"https:\/\/api.w.org\/{rel}","templated":true}]}}