{"id":38465,"date":"2012-03-15T11:28:44","date_gmt":"2012-03-15T14:28:44","guid":{"rendered":"http:\/\/www.redenoticia.com.br\/noticia\/?p=38465"},"modified":"2012-03-15T11:28:44","modified_gmt":"2012-03-15T14:28:44","slug":"unifesp-inicia-graduacao-em-ciencias-do-mar","status":"publish","type":"post","link":"https:\/\/migracao.redenoticia.com.br\/noticia\/2012\/unifesp-inicia-graduacao-em-ciencias-do-mar\/38465","title":{"rendered":"Unifesp inicia gradua\u00e7\u00e3o em Ci\u00eancias do Mar"},"content":{"rendered":"<p><img loading=\"lazy\" decoding=\"async\" class=\"alignleft size-full wp-image-36248\" title=\"aluno c\" src=\"https:\/\/migracao.redenoticia.com.br\/noticia\/imagens\/aluno-c.jpg\" alt=\"\" width=\"300\" height=\"193\" srcset=\"https:\/\/migracao.redenoticia.com.br\/noticia\/imagens\/aluno-c.jpg 300w, https:\/\/migracao.redenoticia.com.br\/noticia\/imagens\/aluno-c-250x161.jpg 250w, https:\/\/migracao.redenoticia.com.br\/noticia\/imagens\/aluno-c-150x97.jpg 150w\" sizes=\"auto, (max-width: 300px) 100vw, 300px\" \/>Ag\u00eancia FAPESP \u2013 O campus Baixada Santista da Universidade Federal de S\u00e3o Paulo (<em><strong>Unifesp<\/strong><\/em>) iniciou as atividades do Bacharelado Interdisciplinar em Ci\u00eancia e Tecnologia com \u00eanfase em <em><strong>Ci\u00eancias do Mar<\/strong><\/em> (BICT-Mar). O lan\u00e7amento do novo curso de gradua\u00e7\u00e3o representa a cria\u00e7\u00e3o formal do Centro de Ci\u00eancias do Mar e Meio Ambiente (CCMMA).<\/p>\n<p>O curso oferece 200 vagas, sendo metade no per\u00edodo noturno, preenchidas pelo Sistema de Sele\u00e7\u00e3o Unificada (SiSU). S\u00e3o tr\u00eas anos para obter o diploma de Bacharel em Ci\u00eancia e Tecnologia com \u00eanfase em Ci\u00eancias do Mar e mais dois anos para aprofundar o estudo em outras modalidades.<\/p>\n<p>Segundo a Unifesp, com a estrutura\u00e7\u00e3o do CCMMA, o campus na Baixada Santista pretende alcan\u00e7ar a excel\u00eancia nacional e internacional em ensino, pesquisa e extens\u00e3o voltados principalmente a assuntos portu\u00e1rios, energ\u00e9ticos, pesqueiros e ambientais, atuando tamb\u00e9m na forma\u00e7\u00e3o de pessoal especializado, a partir da cria\u00e7\u00e3o de novos cursos de gradua\u00e7\u00e3o e p\u00f3s-gradua\u00e7\u00e3o (lato e stricto sensu).<\/p>\n<p>O BICT-Mar integra uma proposta de crescimento estrat\u00e9gico do campus na Baixada Santista e das necessidades da comunidade local, pela car\u00eancia de profissionais voltados a ci\u00eancia e tecnologia e aos assuntos relacionados ao mar, em virtude da explora\u00e7\u00e3o do pr\u00e9-sal, da implanta\u00e7\u00e3o do Parque Tecnol\u00f3gico e do desenvolvimento do Porto de Santos, bem como do Polo Industrial de Cubat\u00e3o, que sinalizam o progressivo aumento da demanda por profissionais especializados nestas \u00e1reas de conhecimento na regi\u00e3o.<\/p>\n<p>De natureza interdisciplinar, o BICT-Mar oferece tanto uma forma\u00e7\u00e3o tecnocient\u00edfica como uma forma\u00e7\u00e3o filos\u00f3fico-human\u00edstica. Com tr\u00eas anos de dura\u00e7\u00e3o, o curso forma o egresso para atuar nos setores p\u00fablico, privado ou terceiro setor.<\/p>\n<p>A gradua\u00e7\u00e3o compreende quatro eixos de estudo: o ambiente marinho; a vida marinha; a sociedade e o trabalho no mar; mar ci\u00eancia e tecnologia. Por outro lado, tamb\u00e9m possibilita o ingresso em outros cursos de gradua\u00e7\u00e3o de maior especificidade na pr\u00f3pria universidade, com dura\u00e7\u00e3o de mais dois anos.<\/p>\n<p>Dessa forma, o Centro de Ci\u00eancias do Mar e Meio Ambiente criar\u00e1 cursos de gradua\u00e7\u00e3o que complementar\u00e3o a forma\u00e7\u00e3o e dar\u00e3o car\u00e1ter de profissionaliza\u00e7\u00e3o espec\u00edfica aos egressos do BICT-Mar, tais como os cursos de Engenharia de Petr\u00f3leo e Energias Renov\u00e1veis ou Engenharia Ambiental Portu\u00e1ria.<\/p>\n<p>Mais informa\u00e7\u00f5es: <a href=\"http:\/\/www.baixadasantista.unifesp.br\/PPP%20BICT%20MAR%2022-12-11.pdf\" target=\"_blank\">www.baixadasantista.unifesp.br\u00a0<\/a><\/p>\n","protected":false},"excerpt":{"rendered":"<p>Ag\u00eancia FAPESP \u2013 O campus Baixada Santista da Universidade Federal de S\u00e3o Paulo (Unifesp) iniciou as atividades do Bacharelado Interdisciplinar em Ci\u00eancia e Tecnologia com \u00eanfase em Ci\u00eancias do Mar (BICT-Mar). O lan\u00e7amento do novo curso de gradua\u00e7\u00e3o representa a cria\u00e7\u00e3o formal do Centro de Ci\u00eancias do Mar e Meio Ambiente (CCMMA). O curso oferece [&hellip;]<\/p>\n","protected":false},"author":3,"featured_media":36248,"comment_status":"open","ping_status":"closed","sticky":false,"template":"","format":"standard","meta":{"tdm_status":"","tdm_grid_status":"","footnotes":""},"categories":[22,370,295],"tags":[],"class_list":{"0":"post-38465","1":"post","2":"type-post","3":"status-publish","4":"format-standard","5":"has-post-thumbnail","7":"category-brasil","8":"category-inscricao","9":"category-vestibular"},"_links":{"self":[{"href":"https:\/\/migracao.redenoticia.com.br\/noticia\/wp-json\/wp\/v2\/posts\/38465","targetHints":{"allow":["GET"]}}],"collection":[{"href":"https:\/\/migracao.redenoticia.com.br\/noticia\/wp-json\/wp\/v2\/posts"}],"about":[{"href":"https:\/\/migracao.redenoticia.com.br\/noticia\/wp-json\/wp\/v2\/types\/post"}],"author":[{"embeddable":true,"href":"https:\/\/migracao.redenoticia.com.br\/noticia\/wp-json\/wp\/v2\/users\/3"}],"replies":[{"embeddable":true,"href":"https:\/\/migracao.redenoticia.com.br\/noticia\/wp-json\/wp\/v2\/comments?post=38465"}],"version-history":[{"count":0,"href":"https:\/\/migracao.redenoticia.com.br\/noticia\/wp-json\/wp\/v2\/posts\/38465\/revisions"}],"wp:featuredmedia":[{"embeddable":true,"href":"https:\/\/migracao.redenoticia.com.br\/noticia\/wp-json\/wp\/v2\/media\/36248"}],"wp:attachment":[{"href":"https:\/\/migracao.redenoticia.com.br\/noticia\/wp-json\/wp\/v2\/media?parent=38465"}],"wp:term":[{"taxonomy":"category","embeddable":true,"href":"https:\/\/migracao.redenoticia.com.br\/noticia\/wp-json\/wp\/v2\/categories?post=38465"},{"taxonomy":"post_tag","embeddable":true,"href":"https:\/\/migracao.redenoticia.com.br\/noticia\/wp-json\/wp\/v2\/tags?post=38465"}],"curies":[{"name":"wp","href":"https:\/\/api.w.org\/{rel}","templated":true}]}}