{"id":38474,"date":"2012-03-16T14:57:47","date_gmt":"2012-03-16T17:57:47","guid":{"rendered":"http:\/\/www.redenoticia.com.br\/noticia\/?p=38474"},"modified":"2012-03-16T14:57:47","modified_gmt":"2012-03-16T17:57:47","slug":"reitores-da-usp-unesp-e-unicamp-lancam-novo-portal","status":"publish","type":"post","link":"https:\/\/migracao.redenoticia.com.br\/noticia\/2012\/reitores-da-usp-unesp-e-unicamp-lancam-novo-portal\/38474","title":{"rendered":"Reitores da USP, Unesp e Unicamp lan\u00e7am novo portal"},"content":{"rendered":"<p><img loading=\"lazy\" decoding=\"async\" class=\"alignleft size-full wp-image-37419\" title=\"computador tecnologia\" src=\"https:\/\/migracao.redenoticia.com.br\/noticia\/imagens\/computador-tecnologia.jpg\" alt=\"\" width=\"300\" height=\"193\" srcset=\"https:\/\/migracao.redenoticia.com.br\/noticia\/imagens\/computador-tecnologia.jpg 300w, https:\/\/migracao.redenoticia.com.br\/noticia\/imagens\/computador-tecnologia-250x161.jpg 250w, https:\/\/migracao.redenoticia.com.br\/noticia\/imagens\/computador-tecnologia-150x97.jpg 150w\" sizes=\"auto, (max-width: 300px) 100vw, 300px\" \/>Ag\u00eancia FAPESP \u2013 O Conselho de Reitores das Universidades Estaduais Paulistas (<em><strong>Cruesp<\/strong><\/em>), entidade que congrega os reitores da <em><strong>USP, Unesp e Unicamp<\/strong><\/em>, lan\u00e7ar\u00e1 no dia 20 de mar\u00e7o o novo Portal Cruesp.<\/p>\n<p>O novo layout, acompanhado de novo logo, foi constru\u00eddo em um trabalho conjunto entre as tr\u00eas institui\u00e7\u00f5es. A concep\u00e7\u00e3o geral segue modernos princ\u00edpios de navegabilidade e acessibilidade, al\u00e9m de intera\u00e7\u00e3o r\u00e1pida e f\u00e1cil com m\u00eddias sociais, como Twitter e Facebook.<\/p>\n<p>Al\u00e9m de \u00e1reas espec\u00edficas para not\u00edcias e de informa\u00e7\u00f5es sobre as institui\u00e7\u00f5es, h\u00e1 espa\u00e7os para ensino, pesquisa e extens\u00e3o.<\/p>\n<p>\u201cO conceito do novo portal \u00e9 apresentar aos diversos segmentos da sociedade, tanto empres\u00e1rios e acad\u00eamicos como a popula\u00e7\u00e3o em geral, o que a USP, Unesp e Unicamp produzem, principalmente em temas cruciais como pesquisa e desenvolvimento de novas tecnologias\u201d, disse Julio Cezar Durigan, presidente do Cruesp e vice-reitor no exerc\u00edcio da reitoria da Unesp.<\/p>\n<p>O Portal Cruesp, que contar\u00e1 tamb\u00e9m com dicas sobre ensino superior e agenda de eventos, ter\u00e1 ainda um boletim semanal com as principais not\u00edcias divulgadas.<\/p>\n<p>Mais informa\u00e7\u00f5es: <a href=\"http:\/\/www.usp.br\/cruesp\" target=\"_blank\">www.usp.br\/cruesp<\/a>.<\/p>\n","protected":false},"excerpt":{"rendered":"<p>Ag\u00eancia FAPESP \u2013 O Conselho de Reitores das Universidades Estaduais Paulistas (Cruesp), entidade que congrega os reitores da USP, Unesp e Unicamp, lan\u00e7ar\u00e1 no dia 20 de mar\u00e7o o novo Portal Cruesp. O novo layout, acompanhado de novo logo, foi constru\u00eddo em um trabalho conjunto entre as tr\u00eas institui\u00e7\u00f5es. A concep\u00e7\u00e3o geral segue modernos princ\u00edpios [&hellip;]<\/p>\n","protected":false},"author":3,"featured_media":37419,"comment_status":"open","ping_status":"closed","sticky":false,"template":"","format":"standard","meta":{"tdm_status":"","tdm_grid_status":"","footnotes":""},"categories":[22,370,295],"tags":[],"class_list":{"0":"post-38474","1":"post","2":"type-post","3":"status-publish","4":"format-standard","5":"has-post-thumbnail","7":"category-brasil","8":"category-inscricao","9":"category-vestibular"},"_links":{"self":[{"href":"https:\/\/migracao.redenoticia.com.br\/noticia\/wp-json\/wp\/v2\/posts\/38474","targetHints":{"allow":["GET"]}}],"collection":[{"href":"https:\/\/migracao.redenoticia.com.br\/noticia\/wp-json\/wp\/v2\/posts"}],"about":[{"href":"https:\/\/migracao.redenoticia.com.br\/noticia\/wp-json\/wp\/v2\/types\/post"}],"author":[{"embeddable":true,"href":"https:\/\/migracao.redenoticia.com.br\/noticia\/wp-json\/wp\/v2\/users\/3"}],"replies":[{"embeddable":true,"href":"https:\/\/migracao.redenoticia.com.br\/noticia\/wp-json\/wp\/v2\/comments?post=38474"}],"version-history":[{"count":0,"href":"https:\/\/migracao.redenoticia.com.br\/noticia\/wp-json\/wp\/v2\/posts\/38474\/revisions"}],"wp:featuredmedia":[{"embeddable":true,"href":"https:\/\/migracao.redenoticia.com.br\/noticia\/wp-json\/wp\/v2\/media\/37419"}],"wp:attachment":[{"href":"https:\/\/migracao.redenoticia.com.br\/noticia\/wp-json\/wp\/v2\/media?parent=38474"}],"wp:term":[{"taxonomy":"category","embeddable":true,"href":"https:\/\/migracao.redenoticia.com.br\/noticia\/wp-json\/wp\/v2\/categories?post=38474"},{"taxonomy":"post_tag","embeddable":true,"href":"https:\/\/migracao.redenoticia.com.br\/noticia\/wp-json\/wp\/v2\/tags?post=38474"}],"curies":[{"name":"wp","href":"https:\/\/api.w.org\/{rel}","templated":true}]}}