{"id":38475,"date":"2012-03-16T14:59:46","date_gmt":"2012-03-16T17:59:46","guid":{"rendered":"http:\/\/www.redenoticia.com.br\/noticia\/?p=38475"},"modified":"2012-03-16T15:00:32","modified_gmt":"2012-03-16T18:00:32","slug":"compromissos-com-a-fifa-serao-cumpridos","status":"publish","type":"post","link":"https:\/\/migracao.redenoticia.com.br\/noticia\/2012\/compromissos-com-a-fifa-serao-cumpridos\/38475","title":{"rendered":"Compromissos com a Fifa ser\u00e3o cumpridos"},"content":{"rendered":"<p><img loading=\"lazy\" decoding=\"async\" class=\"alignleft size-full wp-image-30249\" title=\"copa do mundo 2014\" src=\"https:\/\/migracao.redenoticia.com.br\/noticia\/imagens\/copa-do-mundo-2014.jpg\" alt=\"\" width=\"300\" height=\"193\" srcset=\"https:\/\/migracao.redenoticia.com.br\/noticia\/imagens\/copa-do-mundo-2014.jpg 300w, https:\/\/migracao.redenoticia.com.br\/noticia\/imagens\/copa-do-mundo-2014-250x161.jpg 250w, https:\/\/migracao.redenoticia.com.br\/noticia\/imagens\/copa-do-mundo-2014-150x97.jpg 150w\" sizes=\"auto, (max-width: 300px) 100vw, 300px\" \/>Bras\u00edlia \u2013 O presidente da Federa\u00e7\u00e3o Internacional de Futebol (Fifa), Joseph Blatter, disse que recebeu da presidenta Dilma Rousseff a garantia de que todos os compromissos assumidos pelo Brasil com a entidade para a realiza\u00e7\u00e3o da <em><strong>Copa do Mundo de 2014<\/strong><\/em> ser\u00e3o cumpridos. Ele se reuniu durante mais de uma hora com a presidenta, no Pal\u00e1cio do Planalto.<\/p>\n<p>\u201cDilma assegurou que todas as garantias para a Copa do Mundo ser\u00e3o entregues para a Fifa\u201d, disse Blatter ap\u00f3s o encontro. As declara\u00e7\u00f5es do ministro do Esporte, Aldo Rebelo, que tamb\u00e9m participou da reuni\u00e3o, seguiram na mesma dire\u00e7\u00e3o. \u201cO governo brasileiro est\u00e1 empenhado em cumprir suas garantias e seus compromissos para que Copa se transforme em um \u00eaxito.\u201d<\/p>\n<p>Ontem (15), o relator da Lei Geral da Copa, deputado Vicente C\u00e2ndido (PT-SP), informou que manter\u00e1 em seu parecer a libera\u00e7\u00e3o da venda de bebidas alco\u00f3licas nos est\u00e1dios, ao contr\u00e1rio da informa\u00e7\u00e3o divulgada na quarta-feira (14) de que os l\u00edderes dos partidos na C\u00e2mara haviam constru\u00eddo um acordo para manter a proibi\u00e7\u00e3o, prevista no Estatuto do Torcedor.<\/p>\n<p>A mudan\u00e7a no relat\u00f3rio se deu ap\u00f3s uma informa\u00e7\u00e3o que o deputado recebeu na quarta-feira \u00e0 noite, em reuni\u00e3o na Casa Civil, de que a permiss\u00e3o para a venda de bebidas alco\u00f3licas durante os jogos da Copa n\u00e3o fazia parte dos compromissos que o governo assumiu com Fifa. Ontem, Vicente C\u00e2ndido disse que se confundiu. Achou que a ministra-chefe da Casa Civil, Gleisi Hoffmann, e a ministra de Rela\u00e7\u00f5es Institucionais, Ideli Salvatti, disseram que n\u00e3o havia esse compromisso do governo com a Fifa.<\/p>\n<p>A reuni\u00e3o de Blatter com a presidenta ocorreu ap\u00f3s mal-estar provocado por declara\u00e7\u00f5es do negociador da Fifa no Brasil, J\u00e9r\u00f4me Valcke, que foram consideradas ofensivas pelo governo. O dirigente da Fifa, no entanto, n\u00e3o deixou claro se Valcke continuar\u00e1 como o interlocutor da entidade com o Brasil. Perguntado mais de uma vez por jornalistas sobre a perman\u00eancia de Valcke, Blatter disse que precisa de um tempo para solucionar o problema.<\/p>\n<p>\u201cJ\u00e9r\u00f4me continua trabalhando para a Fifa, o problema entre J\u00e9r\u00f4me Valcke e o Brasil \u00e9 um problema que pertence ao presidente da Fifa e que o presidente da Fifa tem que solucionar. Voc\u00eas podem dar um tempo para ele solucionar o problema?\u201d, respondeu Blatter, que, assim como o ministro do Esporte, saiu da reuni\u00e3o falando em coopera\u00e7\u00e3o, trabalho conjunto, harmonia e estreitamento de la\u00e7os entre a entidade e o governo brasileiro.<\/p>\n<p>O presidente da Fifa disse que ele e Dilma precisam se reunir com mais frequ\u00eancia e reiterou a confian\u00e7a no Brasil para a realiza\u00e7\u00e3o do Mundial. \u201cTemos a certeza total de que o Brasil vai realizar a melhor Copa de todos os tempos\u201d.<\/p>\n<p>Enquanto o governo e Fifa falaram em coopera\u00e7\u00e3o, o embaixador do Brasil para a Copa de 2014, o Pel\u00e9, lembrou o clima de desentendimento que se estabeleceu desde a declara\u00e7\u00e3o de J\u00e9r\u00f4me Valcke e tamb\u00e9m a pol\u00eamica em torno da venda de bebidas nos est\u00e1dios. \u201cPedi para que Blatter fizesse o esfor\u00e7o de fazer essa reuni\u00e3o com nossa presidenta e o ministro do Esporte para resolver todas as d\u00favidas e mal-entendidos que estavam acontecendo antes da Copa.\u201d<\/p>\n<p>\u201cDisse para a presidenta Dilma que agora n\u00e3o era para ela me chamar de ministro, mas de bombeiro, porque estou aqui para apagar as fogueiras e \u00e9 isso que estou fazendo. Daqui para a frente, vamos caminhar em harmonia, sem nenhuma confus\u00e3o\u201d, completou Pel\u00e9.<\/p>\n<p>A reuni\u00e3o de hoje ocorreu a pedido de Blatter. Al\u00e9m de Aldo Rebelo e Pel\u00e9, o encontro teve a participa\u00e7\u00e3o do ex-jogador Ronaldo, que integra o Comit\u00ea Organizador Local da Copa de 2014.<\/p>\n<p>Yara Aquino<br \/>\nRep\u00f3rter da Ag\u00eancia Brasil<\/p>\n<p>Edi\u00e7\u00e3o: Juliana Andrade<\/p>\n","protected":false},"excerpt":{"rendered":"<p>Bras\u00edlia \u2013 O presidente da Federa\u00e7\u00e3o Internacional de Futebol (Fifa), Joseph Blatter, disse que recebeu da presidenta Dilma Rousseff a garantia de que todos os compromissos assumidos pelo Brasil com a entidade para a realiza\u00e7\u00e3o da Copa do Mundo de 2014 ser\u00e3o cumpridos. Ele se reuniu durante mais de uma hora com a presidenta, no [&hellip;]<\/p>\n","protected":false},"author":3,"featured_media":30249,"comment_status":"open","ping_status":"closed","sticky":false,"template":"","format":"standard","meta":{"tdm_status":"","tdm_grid_status":"","footnotes":""},"categories":[22],"tags":[],"class_list":{"0":"post-38475","1":"post","2":"type-post","3":"status-publish","4":"format-standard","5":"has-post-thumbnail","7":"category-brasil"},"_links":{"self":[{"href":"https:\/\/migracao.redenoticia.com.br\/noticia\/wp-json\/wp\/v2\/posts\/38475","targetHints":{"allow":["GET"]}}],"collection":[{"href":"https:\/\/migracao.redenoticia.com.br\/noticia\/wp-json\/wp\/v2\/posts"}],"about":[{"href":"https:\/\/migracao.redenoticia.com.br\/noticia\/wp-json\/wp\/v2\/types\/post"}],"author":[{"embeddable":true,"href":"https:\/\/migracao.redenoticia.com.br\/noticia\/wp-json\/wp\/v2\/users\/3"}],"replies":[{"embeddable":true,"href":"https:\/\/migracao.redenoticia.com.br\/noticia\/wp-json\/wp\/v2\/comments?post=38475"}],"version-history":[{"count":0,"href":"https:\/\/migracao.redenoticia.com.br\/noticia\/wp-json\/wp\/v2\/posts\/38475\/revisions"}],"wp:featuredmedia":[{"embeddable":true,"href":"https:\/\/migracao.redenoticia.com.br\/noticia\/wp-json\/wp\/v2\/media\/30249"}],"wp:attachment":[{"href":"https:\/\/migracao.redenoticia.com.br\/noticia\/wp-json\/wp\/v2\/media?parent=38475"}],"wp:term":[{"taxonomy":"category","embeddable":true,"href":"https:\/\/migracao.redenoticia.com.br\/noticia\/wp-json\/wp\/v2\/categories?post=38475"},{"taxonomy":"post_tag","embeddable":true,"href":"https:\/\/migracao.redenoticia.com.br\/noticia\/wp-json\/wp\/v2\/tags?post=38475"}],"curies":[{"name":"wp","href":"https:\/\/api.w.org\/{rel}","templated":true}]}}