{"id":38508,"date":"2012-03-20T15:58:01","date_gmt":"2012-03-20T18:58:01","guid":{"rendered":"http:\/\/www.redenoticia.com.br\/noticia\/?p=38508"},"modified":"2012-03-20T15:58:01","modified_gmt":"2012-03-20T18:58:01","slug":"provinha-brasil-vai-avaliar-a-alfabetizacao-de-criancas","status":"publish","type":"post","link":"https:\/\/migracao.redenoticia.com.br\/noticia\/2012\/provinha-brasil-vai-avaliar-a-alfabetizacao-de-criancas\/38508","title":{"rendered":"Provinha Brasil vai avaliar a alfabetiza\u00e7\u00e3o de crian\u00e7as"},"content":{"rendered":"<p><img loading=\"lazy\" decoding=\"async\" class=\"alignleft size-full wp-image-36265\" title=\"aluno b\" src=\"https:\/\/migracao.redenoticia.com.br\/noticia\/imagens\/aluno-b.jpg\" alt=\"\" width=\"300\" height=\"193\" srcset=\"https:\/\/migracao.redenoticia.com.br\/noticia\/imagens\/aluno-b.jpg 300w, https:\/\/migracao.redenoticia.com.br\/noticia\/imagens\/aluno-b-250x161.jpg 250w, https:\/\/migracao.redenoticia.com.br\/noticia\/imagens\/aluno-b-150x97.jpg 150w\" sizes=\"auto, (max-width: 300px) 100vw, 300px\" \/>Bras\u00edlia \u2013 O ministro da Educa\u00e7\u00e3o, Aloizio Mercadante, anunciou que ir\u00e1 mudar o atual modelo da <em><strong>Provinha Brasil<\/strong><\/em>, para que sirva de instrumento para aferir a alfabetiza\u00e7\u00e3o de crian\u00e7as at\u00e9 8 anos de idade. A avalia\u00e7\u00e3o \u00e9 aplicada desde 2008 aos alunos do 2\u00ba ano do ensino fundamental e serve como diagn\u00f3stico para o pr\u00f3prio professor identificar o n\u00edvel de alfabetiza\u00e7\u00e3o dos estudantes. Mas, at\u00e9 hoje, os resultados do exame n\u00e3o s\u00e3o divulgados e o MEC n\u00e3o tem controle sobre esse indicador.<\/p>\n<p>A nova Provinha Brasil ser\u00e1 ponto central do programa Alfabetiza\u00e7\u00e3o na Idade Certa, que o minist\u00e9rio pretende lan\u00e7ar em breve. De acordo com o ministro, o objetivo \u00e9 garantir que todas as crian\u00e7as sejam alfabetizadas at\u00e9 os 8 anos. Para isso, ser\u00e1 necess\u00e1rio estabelecer parcerias com as rede municipais de ensino, respons\u00e1veis pelas escolas de educa\u00e7\u00e3o b\u00e1sica. Mercadante disse que as mudan\u00e7as ser\u00e3o aplicadas na edi\u00e7\u00e3o de 2013.<\/p>\n<p>Iniciativa semelhante j\u00e1 foi feita pelo Movimento Todos pela Educa\u00e7\u00e3o que, em 2011, aplicou a primeira edi\u00e7\u00e3o da Prova ABC. Em car\u00e1ter amostral, o exame apontou que mais de 40% dos alunos que conclu\u00edram o 3\u00b0 ano do ensino fundamental n\u00e3o tinham a capacidade de leitura esperada para esse n\u00edvel de ensino.<\/p>\n<p>Da Ag\u00eancia Brasil<\/p>\n<p>Edi\u00e7\u00e3o: Vinicius Doria<\/p>\n","protected":false},"excerpt":{"rendered":"<p>Bras\u00edlia \u2013 O ministro da Educa\u00e7\u00e3o, Aloizio Mercadante, anunciou que ir\u00e1 mudar o atual modelo da Provinha Brasil, para que sirva de instrumento para aferir a alfabetiza\u00e7\u00e3o de crian\u00e7as at\u00e9 8 anos de idade. A avalia\u00e7\u00e3o \u00e9 aplicada desde 2008 aos alunos do 2\u00ba ano do ensino fundamental e serve como diagn\u00f3stico para o pr\u00f3prio [&hellip;]<\/p>\n","protected":false},"author":3,"featured_media":36265,"comment_status":"open","ping_status":"closed","sticky":false,"template":"","format":"standard","meta":{"tdm_status":"","tdm_grid_status":"","footnotes":""},"categories":[22],"tags":[],"class_list":{"0":"post-38508","1":"post","2":"type-post","3":"status-publish","4":"format-standard","5":"has-post-thumbnail","7":"category-brasil"},"_links":{"self":[{"href":"https:\/\/migracao.redenoticia.com.br\/noticia\/wp-json\/wp\/v2\/posts\/38508","targetHints":{"allow":["GET"]}}],"collection":[{"href":"https:\/\/migracao.redenoticia.com.br\/noticia\/wp-json\/wp\/v2\/posts"}],"about":[{"href":"https:\/\/migracao.redenoticia.com.br\/noticia\/wp-json\/wp\/v2\/types\/post"}],"author":[{"embeddable":true,"href":"https:\/\/migracao.redenoticia.com.br\/noticia\/wp-json\/wp\/v2\/users\/3"}],"replies":[{"embeddable":true,"href":"https:\/\/migracao.redenoticia.com.br\/noticia\/wp-json\/wp\/v2\/comments?post=38508"}],"version-history":[{"count":0,"href":"https:\/\/migracao.redenoticia.com.br\/noticia\/wp-json\/wp\/v2\/posts\/38508\/revisions"}],"wp:featuredmedia":[{"embeddable":true,"href":"https:\/\/migracao.redenoticia.com.br\/noticia\/wp-json\/wp\/v2\/media\/36265"}],"wp:attachment":[{"href":"https:\/\/migracao.redenoticia.com.br\/noticia\/wp-json\/wp\/v2\/media?parent=38508"}],"wp:term":[{"taxonomy":"category","embeddable":true,"href":"https:\/\/migracao.redenoticia.com.br\/noticia\/wp-json\/wp\/v2\/categories?post=38508"},{"taxonomy":"post_tag","embeddable":true,"href":"https:\/\/migracao.redenoticia.com.br\/noticia\/wp-json\/wp\/v2\/tags?post=38508"}],"curies":[{"name":"wp","href":"https:\/\/api.w.org\/{rel}","templated":true}]}}