{"id":38541,"date":"2012-03-23T10:49:32","date_gmt":"2012-03-23T13:49:32","guid":{"rendered":"http:\/\/www.redenoticia.com.br\/noticia\/?p=38541"},"modified":"2012-03-27T12:03:13","modified_gmt":"2012-03-27T15:03:13","slug":"vestibular-de-2012-2-da-unb-oferece-4-184-vagas","status":"publish","type":"post","link":"https:\/\/migracao.redenoticia.com.br\/noticia\/2012\/vestibular-de-2012-2-da-unb-oferece-4-184-vagas\/38541","title":{"rendered":"Vestibular de 2012 &#8211; 2 da UnB oferece 4.184 vagas"},"content":{"rendered":"<p><img loading=\"lazy\" decoding=\"async\" class=\"alignleft size-full wp-image-34896\" title=\"vestibular\" src=\"https:\/\/migracao.redenoticia.com.br\/noticia\/imagens\/vestibular2.jpg\" alt=\"\" width=\"300\" height=\"193\" srcset=\"https:\/\/migracao.redenoticia.com.br\/noticia\/imagens\/vestibular2.jpg 300w, https:\/\/migracao.redenoticia.com.br\/noticia\/imagens\/vestibular2-250x160.jpg 250w, https:\/\/migracao.redenoticia.com.br\/noticia\/imagens\/vestibular2-150x96.jpg 150w\" sizes=\"auto, (max-width: 300px) 100vw, 300px\" \/>A Universidade de Bras\u00edlia (<em><strong>UnB<\/strong><\/em>) lan\u00e7ou o edital para realiza\u00e7\u00e3o do 2\u00ba <em><strong>Vestibular<\/strong><\/em> de 2012. A sele\u00e7\u00e3o conta com um total de 4.184 vagas em 96 cursos, das quais 843 s\u00e3o destinadas para o Sistema de Cotas para Negros.\u00a0A participa\u00e7\u00e3o no vestibular poder\u00e1 ser confirmada entre os dia 16 de mar\u00e7o e 9 de abril, no endere\u00e7o eletr\u00f4nico <a href=\"http:\/\/www.cespe.unb.br\/vestibular\/2vest2012\" target=\"_blank\">www.cespe.unb.br\/vestibular\/2vest2012<\/a>. A taxa de inscri\u00e7\u00e3o \u00e9 R$ 100,00. A taxa de inscri\u00e7\u00e3o para treineiros, que n\u00e3o concorrem \u00e0s vagas, \u00e9 R$ 75,00.<\/p>\n<p>ISEN\u00c7\u00c3O &#8211; O per\u00edodo de solicita\u00e7\u00e3o de isen\u00e7\u00e3o da taxa de inscri\u00e7\u00e3o ser\u00e1 o mesmo das inscri\u00e7\u00f5es. O benef\u00edcio \u00e9 oferecido a candidatos carentes que tenham inscri\u00e7\u00e3o no Cadastro \u00danico para Programas Sociais do Governo Federal (Cad\u00danico). A isen\u00e7\u00e3o poder\u00e1 ser solicitada mediante requerimento do candidato, que pode ser feito no aplicativo de inscri\u00e7\u00e3o. A rela\u00e7\u00e3o dos candidatos que tiverem os pedidos deferidos ser\u00e1 divulgada na data prov\u00e1vel de 12 de abril.<\/p>\n<p>Alunos da rede p\u00fablica do Distrito Federal, devidamente matriculados no 3\u00ba Semestre do Terceiro Segmento da Educa\u00e7\u00e3o de Jovens e Adultos, ou equivalente, est\u00e3o dispensados do pagamento da taxa de inscri\u00e7\u00e3o, embora tenham que requisitar o subs\u00eddio conforme instru\u00e7\u00f5es do edital.<\/p>\n<p>PROVAS \u2013 A aplica\u00e7\u00e3o do 2\u00ba Vestibular de 2012 est\u00e1 prevista para os dias 2 e 3 de junho. As provas ser\u00e3o realizadas no Distrito Federal \u2013 em Bras\u00edlia, Brazl\u00e2ndia, Ceil\u00e2ndia, Gama, Planaltina, Sobradinho e Taguatinga \u2013 e nas cidades de Formosa (GO), Goi\u00e2nia (GO), Valpara\u00edso (GO) e Uberl\u00e2ndia (MG).<\/p>\n","protected":false},"excerpt":{"rendered":"<p>A Universidade de Bras\u00edlia (UnB) lan\u00e7ou o edital para realiza\u00e7\u00e3o do 2\u00ba Vestibular de 2012. A sele\u00e7\u00e3o conta com um total de 4.184 vagas em 96 cursos, das quais 843 s\u00e3o destinadas para o Sistema de Cotas para Negros.\u00a0A participa\u00e7\u00e3o no vestibular poder\u00e1 ser confirmada entre os dia 16 de mar\u00e7o e 9 de abril, [&hellip;]<\/p>\n","protected":false},"author":3,"featured_media":34896,"comment_status":"open","ping_status":"closed","sticky":false,"template":"","format":"standard","meta":{"tdm_status":"","tdm_grid_status":"","footnotes":""},"categories":[22,370,295],"tags":[],"class_list":{"0":"post-38541","1":"post","2":"type-post","3":"status-publish","4":"format-standard","5":"has-post-thumbnail","7":"category-brasil","8":"category-inscricao","9":"category-vestibular"},"_links":{"self":[{"href":"https:\/\/migracao.redenoticia.com.br\/noticia\/wp-json\/wp\/v2\/posts\/38541","targetHints":{"allow":["GET"]}}],"collection":[{"href":"https:\/\/migracao.redenoticia.com.br\/noticia\/wp-json\/wp\/v2\/posts"}],"about":[{"href":"https:\/\/migracao.redenoticia.com.br\/noticia\/wp-json\/wp\/v2\/types\/post"}],"author":[{"embeddable":true,"href":"https:\/\/migracao.redenoticia.com.br\/noticia\/wp-json\/wp\/v2\/users\/3"}],"replies":[{"embeddable":true,"href":"https:\/\/migracao.redenoticia.com.br\/noticia\/wp-json\/wp\/v2\/comments?post=38541"}],"version-history":[{"count":0,"href":"https:\/\/migracao.redenoticia.com.br\/noticia\/wp-json\/wp\/v2\/posts\/38541\/revisions"}],"wp:featuredmedia":[{"embeddable":true,"href":"https:\/\/migracao.redenoticia.com.br\/noticia\/wp-json\/wp\/v2\/media\/34896"}],"wp:attachment":[{"href":"https:\/\/migracao.redenoticia.com.br\/noticia\/wp-json\/wp\/v2\/media?parent=38541"}],"wp:term":[{"taxonomy":"category","embeddable":true,"href":"https:\/\/migracao.redenoticia.com.br\/noticia\/wp-json\/wp\/v2\/categories?post=38541"},{"taxonomy":"post_tag","embeddable":true,"href":"https:\/\/migracao.redenoticia.com.br\/noticia\/wp-json\/wp\/v2\/tags?post=38541"}],"curies":[{"name":"wp","href":"https:\/\/api.w.org\/{rel}","templated":true}]}}