{"id":38552,"date":"2012-03-26T17:12:02","date_gmt":"2012-03-26T20:12:02","guid":{"rendered":"http:\/\/www.redenoticia.com.br\/noticia\/?p=38552"},"modified":"2013-02-18T11:30:38","modified_gmt":"2013-02-18T14:30:38","slug":"espaco-para-bate-papo-sala-1","status":"publish","type":"post","link":"https:\/\/migracao.redenoticia.com.br\/noticia\/2012\/espaco-para-bate-papo-sala-1\/38552","title":{"rendered":"Espa\u00e7o para bate papo  sala 1"},"content":{"rendered":"<p>O Rede Not\u00edcia criou um novo espa\u00e7o os comentaristas frequentes deste portal. S\u00e3o \u00e1reas de bate papo para os amigos que gostam de se encontrar no Rede Not\u00edcia para conversarem sobre diversos assuntos.<\/p>\n<p>Este novo espa\u00e7o \u00e9 especialmente reservado para os f\u00e3s das novelas poderem bater papo sem compromisso com os moderadores do site (reda\u00e7\u00e3o). Assim, a \u00e1rea de coment\u00e1rio referente \u00e0 not\u00edcia publicada, que \u00e9 acompanhada e moderada pelo portal, fica reservada para as opini\u00f5es e os registros exclusivos e pertinentes \u00a0ao assunto tratado na mat\u00e9ria.<\/p>\n<p>Os usu\u00e1rios e comentaristas do Rede Not\u00edcia s\u00f3 precisam lembrar que as \u00a0salas de bate papo s\u00e3o \u00a0frequentadas por pessoas de todas as idades, assim, solicitamos aten\u00e7\u00e3o e responsabilidade no linguajar e nos temas\u00a0discutidos.<\/p>\n<p>Sejam bem vindo.<\/p>\n<p>Voc\u00ea pode frequentar tamb\u00e9m a <a href=\"https:\/\/migracao.redenoticia.com.br\/noticia\/2012\/espaco-para-bate-papo-sala-2\/38559\">sala 2<\/a><\/p>\n<p>Rede Not\u00edcia<br \/>\nO portal Rede Not\u00edcia prioriza as noticias, agendas e informacoes sobre Concursos, Novelas, Vestibulares, Loterias, Clima, Previsao do Tempo, Saude e muito mais.<\/p>\n","protected":false},"excerpt":{"rendered":"<p>O Rede Not\u00edcia criou um novo espa\u00e7o os comentaristas frequentes deste portal. S\u00e3o \u00e1reas de bate papo para os amigos que gostam de se encontrar no Rede Not\u00edcia para conversarem sobre diversos assuntos. Este novo espa\u00e7o \u00e9 especialmente reservado para os f\u00e3s das novelas poderem bater papo sem compromisso com os moderadores do site (reda\u00e7\u00e3o). [&hellip;]<\/p>\n","protected":false},"author":2,"featured_media":0,"comment_status":"closed","ping_status":"closed","sticky":false,"template":"","format":"standard","meta":{"tdm_status":"","tdm_grid_status":"","footnotes":""},"categories":[343],"tags":[405],"class_list":{"0":"post-38552","1":"post","2":"type-post","3":"status-publish","4":"format-standard","6":"category-televisao","7":"tag-lazer"},"_links":{"self":[{"href":"https:\/\/migracao.redenoticia.com.br\/noticia\/wp-json\/wp\/v2\/posts\/38552","targetHints":{"allow":["GET"]}}],"collection":[{"href":"https:\/\/migracao.redenoticia.com.br\/noticia\/wp-json\/wp\/v2\/posts"}],"about":[{"href":"https:\/\/migracao.redenoticia.com.br\/noticia\/wp-json\/wp\/v2\/types\/post"}],"author":[{"embeddable":true,"href":"https:\/\/migracao.redenoticia.com.br\/noticia\/wp-json\/wp\/v2\/users\/2"}],"replies":[{"embeddable":true,"href":"https:\/\/migracao.redenoticia.com.br\/noticia\/wp-json\/wp\/v2\/comments?post=38552"}],"version-history":[{"count":0,"href":"https:\/\/migracao.redenoticia.com.br\/noticia\/wp-json\/wp\/v2\/posts\/38552\/revisions"}],"wp:attachment":[{"href":"https:\/\/migracao.redenoticia.com.br\/noticia\/wp-json\/wp\/v2\/media?parent=38552"}],"wp:term":[{"taxonomy":"category","embeddable":true,"href":"https:\/\/migracao.redenoticia.com.br\/noticia\/wp-json\/wp\/v2\/categories?post=38552"},{"taxonomy":"post_tag","embeddable":true,"href":"https:\/\/migracao.redenoticia.com.br\/noticia\/wp-json\/wp\/v2\/tags?post=38552"}],"curies":[{"name":"wp","href":"https:\/\/api.w.org\/{rel}","templated":true}]}}