{"id":38559,"date":"2012-03-26T13:54:54","date_gmt":"2012-03-26T16:54:54","guid":{"rendered":"http:\/\/www.redenoticia.com.br\/noticia\/?p=38559"},"modified":"2012-03-27T08:47:07","modified_gmt":"2012-03-27T11:47:07","slug":"espaco-para-bate-papo-sala-2","status":"publish","type":"post","link":"https:\/\/migracao.redenoticia.com.br\/noticia\/2012\/espaco-para-bate-papo-sala-2\/38559","title":{"rendered":"Espa\u00e7o para bate papo &#8211; Sala 2"},"content":{"rendered":"<p>Este espa\u00e7o \u00e9 para os fans da novelas poderem bater papo sem compromisso com os moderadores do site (reda\u00e7\u00e3o). S\u00f3 precisam lembrar que \u00e9 frequentado por pessoas de todas as idades, assim, moderem no linguajar e nos temas discutidos.<br \/>\nVoc\u00ea pode frequentar tamb\u00e9m a sala 1.<br \/>\n<a href=\"https:\/\/migracao.redenoticia.com.br\/noticia\/2012\/espaco-para-bate-papo-sala-1\/38552\">sala de bate papo 1<\/a>!!!!<\/p>\n","protected":false},"excerpt":{"rendered":"<p>Este espa\u00e7o \u00e9 para os fans da novelas poderem bater papo sem compromisso com os moderadores do site (reda\u00e7\u00e3o). S\u00f3 precisam lembrar que \u00e9 frequentado por pessoas de todas as idades, assim, moderem no linguajar e nos temas discutidos. Voc\u00ea pode frequentar tamb\u00e9m a sala 1. sala de bate papo 1!!!!<\/p>\n","protected":false},"author":2,"featured_media":0,"comment_status":"closed","ping_status":"closed","sticky":false,"template":"","format":"standard","meta":{"tdm_status":"","tdm_grid_status":"","footnotes":""},"categories":[22],"tags":[],"class_list":{"0":"post-38559","1":"post","2":"type-post","3":"status-publish","4":"format-standard","6":"category-brasil"},"_links":{"self":[{"href":"https:\/\/migracao.redenoticia.com.br\/noticia\/wp-json\/wp\/v2\/posts\/38559","targetHints":{"allow":["GET"]}}],"collection":[{"href":"https:\/\/migracao.redenoticia.com.br\/noticia\/wp-json\/wp\/v2\/posts"}],"about":[{"href":"https:\/\/migracao.redenoticia.com.br\/noticia\/wp-json\/wp\/v2\/types\/post"}],"author":[{"embeddable":true,"href":"https:\/\/migracao.redenoticia.com.br\/noticia\/wp-json\/wp\/v2\/users\/2"}],"replies":[{"embeddable":true,"href":"https:\/\/migracao.redenoticia.com.br\/noticia\/wp-json\/wp\/v2\/comments?post=38559"}],"version-history":[{"count":0,"href":"https:\/\/migracao.redenoticia.com.br\/noticia\/wp-json\/wp\/v2\/posts\/38559\/revisions"}],"wp:attachment":[{"href":"https:\/\/migracao.redenoticia.com.br\/noticia\/wp-json\/wp\/v2\/media?parent=38559"}],"wp:term":[{"taxonomy":"category","embeddable":true,"href":"https:\/\/migracao.redenoticia.com.br\/noticia\/wp-json\/wp\/v2\/categories?post=38559"},{"taxonomy":"post_tag","embeddable":true,"href":"https:\/\/migracao.redenoticia.com.br\/noticia\/wp-json\/wp\/v2\/tags?post=38559"}],"curies":[{"name":"wp","href":"https:\/\/api.w.org\/{rel}","templated":true}]}}