{"id":38565,"date":"2012-03-26T14:38:56","date_gmt":"2012-03-26T17:38:56","guid":{"rendered":"http:\/\/www.redenoticia.com.br\/noticia\/?p=38565"},"modified":"2012-03-26T15:22:50","modified_gmt":"2012-03-26T18:22:50","slug":"fapesp-e-ncsu-assinam-acordo-de-cooperacao-em-pesquisa","status":"publish","type":"post","link":"https:\/\/migracao.redenoticia.com.br\/noticia\/2012\/fapesp-e-ncsu-assinam-acordo-de-cooperacao-em-pesquisa\/38565","title":{"rendered":"FAPESP e NCSU assinam acordo de coopera\u00e7\u00e3o em pesquisa"},"content":{"rendered":"<p><img loading=\"lazy\" decoding=\"async\" class=\"alignleft size-full wp-image-34767\" title=\"bolsa de estudo\" src=\"https:\/\/migracao.redenoticia.com.br\/noticia\/imagens\/bolsa-de-estudo.jpg\" alt=\"\" width=\"300\" height=\"193\" srcset=\"https:\/\/migracao.redenoticia.com.br\/noticia\/imagens\/bolsa-de-estudo.jpg 300w, https:\/\/migracao.redenoticia.com.br\/noticia\/imagens\/bolsa-de-estudo-250x160.jpg 250w, https:\/\/migracao.redenoticia.com.br\/noticia\/imagens\/bolsa-de-estudo-150x96.jpg 150w\" sizes=\"auto, (max-width: 300px) 100vw, 300px\" \/>A <em><strong>FAPESP<\/strong><\/em> e a Universidade Estadual da Carolina do Norte (NCSU, na sigla em ingl\u00eas), dos Estados Unidos, assinaram um acordo de coopera\u00e7\u00e3o em <em><strong>pesquisa<\/strong><\/em> na \u00faltima quinta-feira (22\/03).<\/p>\n<p>O documento foi assinado pelo presidente da FAPESP, Celso Lafer, e pelo vice-reitor para Rela\u00e7\u00f5es Internacionais da NCSU, Bailian Li. A cerim\u00f4nia de formaliza\u00e7\u00e3o do acordo, realizada na sede da FAPESP, contou tamb\u00e9m com a presen\u00e7a do diretor-presidente da FAPESP, Jos\u00e9 Arana Varela, e do assessor especial da Diretoria Cient\u00edfica, Hernan Chaimovich.<\/p>\n<p>O acordo, v\u00e1lido por cinco anos, prev\u00ea que as duas institui\u00e7\u00f5es selecionem projetos conjuntos de pesquisa, que podem incluir o interc\u00e2mbio de pesquisadores e de estudantes de p\u00f3s-gradua\u00e7\u00e3o.<\/p>\n<p>\u201cEstamos convencidos de que a profundidade e a excel\u00eancia da pesquisa cient\u00edfica e tecnol\u00f3gica em todas as \u00e1reas do conhecimento requerem intera\u00e7\u00e3o e coopera\u00e7\u00e3o internacional. Este acordo visa estimular a realiza\u00e7\u00e3o desse tipo de coopera\u00e7\u00e3o, por meio do apoio a projetos de pesquisas que envolvam cientistas de S\u00e3o Paulo e da Carolina do Norte\u201d, disse Lafer.<\/p>\n<p>A sele\u00e7\u00e3o e a gest\u00e3o dos projetos de pesquisa ser\u00e3o administradas por um Comit\u00ea Gestor composto por dois representantes de cada institui\u00e7\u00e3o. O comit\u00ea incluir\u00e1 necessariamente o vice-reitor de Pesquisa e Inova\u00e7\u00e3o da NCSU e o diretor cient\u00edfico da FAPESP.<\/p>\n<p>De acordo com Li, o acordo dever\u00e1 resultar em chamadas de propostas para pesquisas em coopera\u00e7\u00e3o dentro das \u00e1reas do conhecimento que s\u00e3o de interesse comum para a FAPESP e a NCSU.<\/p>\n<p>\u201cTrata-se de uma rela\u00e7\u00e3o estrat\u00e9gica que visa \u00e0 realiza\u00e7\u00e3o de pesquisas em coopera\u00e7\u00e3o nas nossas \u00e1reas de interesse: biodiversidade, energia e ci\u00eancias dos materiais. Essas \u00e1reas, que tamb\u00e9m s\u00e3o do interesse do Brasil \u2013 e t\u00eam desdobramentos em temas como biodiversidade e mudan\u00e7a clim\u00e1tica global \u2013, correspondem precisamente \u00e0 maior for\u00e7a da NCSU em pesquisa cient\u00edfica e tecnol\u00f3gica\u201d, disse Li \u00e0 Ag\u00eancia FAPESP.<\/p>\n<p>Segundo Li, ser\u00e3o elaboradas chamadas de propostas para as \u00e1reas focais de m\u00fatuo interesse, que seguir\u00e3o os crit\u00e9rios e protocolos da FAPESP. \u201cQueremos usar essa oportunidade colaborativa para enviar pesquisadores brasileiros para os Estados Unidos e vice-versa. A ideia \u00e9 especialmente apoiar o interc\u00e2mbio de estudantes de doutorado para que eles auxiliem os professores a tornar a pesquisa mais produtiva\u201d, disse.<\/p>\n<p>Li afirmou que, al\u00e9m dos benef\u00edcios inerentes \u00e0 coopera\u00e7\u00e3o cient\u00edfica no campo da pesquisa propriamente dita, o acordo agregar\u00e1 para os participantes uma valiosa experi\u00eancia do ponto de vista cultural.<\/p>\n<p>\u201cA NCSU tem uma longa e s\u00f3lida tradi\u00e7\u00e3o de colabora\u00e7\u00e3o com a ind\u00fastria. Os pesquisadores brasileiros que participarem dos projetos em coopera\u00e7\u00e3o poder\u00e3o se beneficiar do contato com essa cultura. As pesquisas em parceria com a ind\u00fastria s\u00e3o a melhor maneira de multiplicar os recursos da universidade e ao mesmo tempo de transformar o conhecimento em benef\u00edcios para a sociedade\u201d, disse.<\/p>\n<p>Por F\u00e1bio de Castro<br \/>\nAg\u00eancia FAPESP<\/p>\n","protected":false},"excerpt":{"rendered":"<p>A FAPESP e a Universidade Estadual da Carolina do Norte (NCSU, na sigla em ingl\u00eas), dos Estados Unidos, assinaram um acordo de coopera\u00e7\u00e3o em pesquisa na \u00faltima quinta-feira (22\/03). O documento foi assinado pelo presidente da FAPESP, Celso Lafer, e pelo vice-reitor para Rela\u00e7\u00f5es Internacionais da NCSU, Bailian Li. A cerim\u00f4nia de formaliza\u00e7\u00e3o do acordo, [&hellip;]<\/p>\n","protected":false},"author":3,"featured_media":34767,"comment_status":"open","ping_status":"closed","sticky":false,"template":"","format":"standard","meta":{"tdm_status":"","tdm_grid_status":"","footnotes":""},"categories":[22],"tags":[],"class_list":{"0":"post-38565","1":"post","2":"type-post","3":"status-publish","4":"format-standard","5":"has-post-thumbnail","7":"category-brasil"},"_links":{"self":[{"href":"https:\/\/migracao.redenoticia.com.br\/noticia\/wp-json\/wp\/v2\/posts\/38565","targetHints":{"allow":["GET"]}}],"collection":[{"href":"https:\/\/migracao.redenoticia.com.br\/noticia\/wp-json\/wp\/v2\/posts"}],"about":[{"href":"https:\/\/migracao.redenoticia.com.br\/noticia\/wp-json\/wp\/v2\/types\/post"}],"author":[{"embeddable":true,"href":"https:\/\/migracao.redenoticia.com.br\/noticia\/wp-json\/wp\/v2\/users\/3"}],"replies":[{"embeddable":true,"href":"https:\/\/migracao.redenoticia.com.br\/noticia\/wp-json\/wp\/v2\/comments?post=38565"}],"version-history":[{"count":0,"href":"https:\/\/migracao.redenoticia.com.br\/noticia\/wp-json\/wp\/v2\/posts\/38565\/revisions"}],"wp:featuredmedia":[{"embeddable":true,"href":"https:\/\/migracao.redenoticia.com.br\/noticia\/wp-json\/wp\/v2\/media\/34767"}],"wp:attachment":[{"href":"https:\/\/migracao.redenoticia.com.br\/noticia\/wp-json\/wp\/v2\/media?parent=38565"}],"wp:term":[{"taxonomy":"category","embeddable":true,"href":"https:\/\/migracao.redenoticia.com.br\/noticia\/wp-json\/wp\/v2\/categories?post=38565"},{"taxonomy":"post_tag","embeddable":true,"href":"https:\/\/migracao.redenoticia.com.br\/noticia\/wp-json\/wp\/v2\/tags?post=38565"}],"curies":[{"name":"wp","href":"https:\/\/api.w.org\/{rel}","templated":true}]}}