{"id":38578,"date":"2012-03-26T11:55:29","date_gmt":"2012-03-26T14:55:29","guid":{"rendered":"http:\/\/www.redenoticia.com.br\/noticia\/?p=38578"},"modified":"2012-03-28T10:49:19","modified_gmt":"2012-03-28T13:49:19","slug":"campanha-do-agasalho-sp-2012","status":"publish","type":"post","link":"https:\/\/migracao.redenoticia.com.br\/noticia\/2012\/campanha-do-agasalho-sp-2012\/38578","title":{"rendered":"Campanha do Agasalho SP 2012"},"content":{"rendered":"<p><img loading=\"lazy\" decoding=\"async\" class=\"alignleft size-full wp-image-20363\" title=\"hebe\" src=\"https:\/\/migracao.redenoticia.com.br\/noticia\/imagens\/hebe1.jpg\" alt=\"\" width=\"300\" height=\"193\" srcset=\"https:\/\/migracao.redenoticia.com.br\/noticia\/imagens\/hebe1.jpg 300w, https:\/\/migracao.redenoticia.com.br\/noticia\/imagens\/hebe1-250x160.jpg 250w, https:\/\/migracao.redenoticia.com.br\/noticia\/imagens\/hebe1-150x96.jpg 150w\" sizes=\"auto, (max-width: 300px) 100vw, 300px\" \/>O outono come\u00e7ou e as temperaturas v\u00e3o ficando cada vez mais baixas. Para ajudar as pessoas carentes a enfrentarem o frio com dignidade, o Fundo Social de Solidariedade do Estado de S\u00e3o Paulo (Fussesp) promove a <em><strong>Campanha do Agasalho<\/strong><\/em> 2012, em parceria com todas as Secretarias de Estado, empres\u00e1rios e a sociedade civil. O slogan deste ano \u00e9 &#8220;Roupa boa, a gente doa&#8221;, e a apresentadora <em><strong>Hebe Camargo<\/strong><\/em> ser\u00e1 a estrela de todo o material publicit\u00e1rio da campanha.<\/p>\n<p>S\u00e3o 26 mil caixas, cedidas pela Klabin, colocadas em locais de grande circula\u00e7\u00e3o, como esta\u00e7\u00f5es de metr\u00f4, trens, supermercados, lojas, farm\u00e1cias, escolas, Batalh\u00f5es da Pol\u00edcia Militar e reparti\u00e7\u00f5es p\u00fablicas. No site da campanha <a href=\"http:\/\/www.campanhadoagasalho.sp.gov.br\/\" target=\"_blank\">www.campanhadoagasalho.sp.gov.br<\/a> \u00e9 poss\u00edvel encontrar o local de doa\u00e7\u00e3o mais pr\u00f3ximo de sua resid\u00eancia ou trabalho.<\/p>\n<p>As doa\u00e7\u00f5es s\u00e3o encaminhadas \u00e0s entidades assistenciais, hospitais, albergues da Capital e de todos os Munic\u00edpios do Estado de S\u00e3o Paulo.<\/p>\n<p>Para outras informa\u00e7\u00f5es, ligue (11) 2588-5714 \/ 2588-5914.<\/p>\n<p>&nbsp;<\/p>\n<p>Do Portal do Governo do Estado<\/p>\n","protected":false},"excerpt":{"rendered":"<p>O outono come\u00e7ou e as temperaturas v\u00e3o ficando cada vez mais baixas. Para ajudar as pessoas carentes a enfrentarem o frio com dignidade, o Fundo Social de Solidariedade do Estado de S\u00e3o Paulo (Fussesp) promove a Campanha do Agasalho 2012, em parceria com todas as Secretarias de Estado, empres\u00e1rios e a sociedade civil. O slogan [&hellip;]<\/p>\n","protected":false},"author":3,"featured_media":20363,"comment_status":"open","ping_status":"closed","sticky":false,"template":"","format":"standard","meta":{"tdm_status":"","tdm_grid_status":"","footnotes":""},"categories":[22,343],"tags":[],"class_list":{"0":"post-38578","1":"post","2":"type-post","3":"status-publish","4":"format-standard","5":"has-post-thumbnail","7":"category-brasil","8":"category-televisao"},"_links":{"self":[{"href":"https:\/\/migracao.redenoticia.com.br\/noticia\/wp-json\/wp\/v2\/posts\/38578","targetHints":{"allow":["GET"]}}],"collection":[{"href":"https:\/\/migracao.redenoticia.com.br\/noticia\/wp-json\/wp\/v2\/posts"}],"about":[{"href":"https:\/\/migracao.redenoticia.com.br\/noticia\/wp-json\/wp\/v2\/types\/post"}],"author":[{"embeddable":true,"href":"https:\/\/migracao.redenoticia.com.br\/noticia\/wp-json\/wp\/v2\/users\/3"}],"replies":[{"embeddable":true,"href":"https:\/\/migracao.redenoticia.com.br\/noticia\/wp-json\/wp\/v2\/comments?post=38578"}],"version-history":[{"count":0,"href":"https:\/\/migracao.redenoticia.com.br\/noticia\/wp-json\/wp\/v2\/posts\/38578\/revisions"}],"wp:featuredmedia":[{"embeddable":true,"href":"https:\/\/migracao.redenoticia.com.br\/noticia\/wp-json\/wp\/v2\/media\/20363"}],"wp:attachment":[{"href":"https:\/\/migracao.redenoticia.com.br\/noticia\/wp-json\/wp\/v2\/media?parent=38578"}],"wp:term":[{"taxonomy":"category","embeddable":true,"href":"https:\/\/migracao.redenoticia.com.br\/noticia\/wp-json\/wp\/v2\/categories?post=38578"},{"taxonomy":"post_tag","embeddable":true,"href":"https:\/\/migracao.redenoticia.com.br\/noticia\/wp-json\/wp\/v2\/tags?post=38578"}],"curies":[{"name":"wp","href":"https:\/\/api.w.org\/{rel}","templated":true}]}}