{"id":38580,"date":"2012-03-27T12:01:22","date_gmt":"2012-03-27T15:01:22","guid":{"rendered":"http:\/\/www.redenoticia.com.br\/noticia\/?p=38580"},"modified":"2012-03-27T12:01:22","modified_gmt":"2012-03-27T15:01:22","slug":"usp-vai-implantar-diploma-virtual-a-partir-de-2013","status":"publish","type":"post","link":"https:\/\/migracao.redenoticia.com.br\/noticia\/2012\/usp-vai-implantar-diploma-virtual-a-partir-de-2013\/38580","title":{"rendered":"USP vai implantar diploma virtual a partir de 2013"},"content":{"rendered":"<p><img loading=\"lazy\" decoding=\"async\" class=\"alignleft size-full wp-image-37419\" title=\"computador tecnologia\" src=\"https:\/\/migracao.redenoticia.com.br\/noticia\/imagens\/computador-tecnologia.jpg\" alt=\"\" width=\"300\" height=\"193\" srcset=\"https:\/\/migracao.redenoticia.com.br\/noticia\/imagens\/computador-tecnologia.jpg 300w, https:\/\/migracao.redenoticia.com.br\/noticia\/imagens\/computador-tecnologia-250x161.jpg 250w, https:\/\/migracao.redenoticia.com.br\/noticia\/imagens\/computador-tecnologia-150x97.jpg 150w\" sizes=\"auto, (max-width: 300px) 100vw, 300px\" \/>A partir do pr\u00f3ximo ano, os estudantes que conclu\u00edrem seus cursos de gradua\u00e7\u00e3o na <em><strong>USP<\/strong><\/em> receber\u00e3o, logo ap\u00f3s a cola\u00e7\u00e3o de grau, o <em><strong>diploma virtual<\/strong><\/em>. Com a implanta\u00e7\u00e3o dessa iniciativa in\u00e9dita, a USP torna-se universidade pioneira na emiss\u00e3o de um certificado oficial digital no pa\u00eds.<\/p>\n<p>Com o diploma virtual ser\u00e1 poss\u00edvel \u00e0queles bachar\u00e9is que n\u00e3o possam esperar a confec\u00e7\u00e3o do diploma em papel comprovar a conclus\u00e3o de curso. \u00c9 o caso, em especial, dos alunos que necessitam se inscrever na resid\u00eancia m\u00e9dica, no exame da Ordem dos Advogados do Brasil (OAB), em cursos de p\u00f3s-gradua\u00e7\u00e3o ou em concursos p\u00fablicos. &#8220;O diploma virtual n\u00e3o suprimir\u00e1 o diploma em papel, \u00e9 apenas um certificado mais moderno e de acordo com as &#8220;necessidades da atualidade&#8221;, afirma o secret\u00e1rio-geral da Universidade, Rubens Be\u00e7ak.<\/p>\n<p>A seguran\u00e7a contra fraudes tamb\u00e9m ser\u00e1 maior. &#8220;Trata-se de um sistema t\u00e3o seguro quanto o da Receita Federal&#8221;, destaca Be\u00e7ak, ressaltando que &#8220;o risco de falsifica\u00e7\u00f5es ser\u00e1 praticamente zero.&#8221; Ele lembra que a quest\u00e3o da seguran\u00e7a em rela\u00e7\u00e3o a fraudes foi refor\u00e7ada com a ado\u00e7\u00e3o do diploma \u00fanico, em 2010. &#8220;A medida uniformizou um modelo de diploma para todas as Unidades da Universidade&#8221;, assevera.<\/p>\n<p>Do Portal do Governo do Estado<\/p>\n","protected":false},"excerpt":{"rendered":"<p>A partir do pr\u00f3ximo ano, os estudantes que conclu\u00edrem seus cursos de gradua\u00e7\u00e3o na USP receber\u00e3o, logo ap\u00f3s a cola\u00e7\u00e3o de grau, o diploma virtual. Com a implanta\u00e7\u00e3o dessa iniciativa in\u00e9dita, a USP torna-se universidade pioneira na emiss\u00e3o de um certificado oficial digital no pa\u00eds. Com o diploma virtual ser\u00e1 poss\u00edvel \u00e0queles bachar\u00e9is que n\u00e3o [&hellip;]<\/p>\n","protected":false},"author":3,"featured_media":37419,"comment_status":"open","ping_status":"closed","sticky":false,"template":"","format":"standard","meta":{"tdm_status":"","tdm_grid_status":"","footnotes":""},"categories":[22],"tags":[],"class_list":{"0":"post-38580","1":"post","2":"type-post","3":"status-publish","4":"format-standard","5":"has-post-thumbnail","7":"category-brasil"},"_links":{"self":[{"href":"https:\/\/migracao.redenoticia.com.br\/noticia\/wp-json\/wp\/v2\/posts\/38580","targetHints":{"allow":["GET"]}}],"collection":[{"href":"https:\/\/migracao.redenoticia.com.br\/noticia\/wp-json\/wp\/v2\/posts"}],"about":[{"href":"https:\/\/migracao.redenoticia.com.br\/noticia\/wp-json\/wp\/v2\/types\/post"}],"author":[{"embeddable":true,"href":"https:\/\/migracao.redenoticia.com.br\/noticia\/wp-json\/wp\/v2\/users\/3"}],"replies":[{"embeddable":true,"href":"https:\/\/migracao.redenoticia.com.br\/noticia\/wp-json\/wp\/v2\/comments?post=38580"}],"version-history":[{"count":0,"href":"https:\/\/migracao.redenoticia.com.br\/noticia\/wp-json\/wp\/v2\/posts\/38580\/revisions"}],"wp:featuredmedia":[{"embeddable":true,"href":"https:\/\/migracao.redenoticia.com.br\/noticia\/wp-json\/wp\/v2\/media\/37419"}],"wp:attachment":[{"href":"https:\/\/migracao.redenoticia.com.br\/noticia\/wp-json\/wp\/v2\/media?parent=38580"}],"wp:term":[{"taxonomy":"category","embeddable":true,"href":"https:\/\/migracao.redenoticia.com.br\/noticia\/wp-json\/wp\/v2\/categories?post=38580"},{"taxonomy":"post_tag","embeddable":true,"href":"https:\/\/migracao.redenoticia.com.br\/noticia\/wp-json\/wp\/v2\/tags?post=38580"}],"curies":[{"name":"wp","href":"https:\/\/api.w.org\/{rel}","templated":true}]}}