{"id":38610,"date":"2012-03-30T13:40:43","date_gmt":"2012-03-30T16:40:43","guid":{"rendered":"http:\/\/www.redenoticia.com.br\/noticia\/?p=38610"},"modified":"2012-03-30T13:40:43","modified_gmt":"2012-03-30T16:40:43","slug":"fapesp-integra-grupo-sobre-mudancas-climaticas-globais","status":"publish","type":"post","link":"https:\/\/migracao.redenoticia.com.br\/noticia\/2012\/fapesp-integra-grupo-sobre-mudancas-climaticas-globais\/38610","title":{"rendered":"FAPESP integra grupo sobre mudan\u00e7as clim\u00e1ticas globais"},"content":{"rendered":"<p><img loading=\"lazy\" decoding=\"async\" class=\"alignleft size-full wp-image-26302\" title=\"previsao tempo clima temperatura\" src=\"https:\/\/migracao.redenoticia.com.br\/noticia\/imagens\/previsao-tempo-clima-temperatura-.jpg\" alt=\"\" width=\"300\" height=\"193\" srcset=\"https:\/\/migracao.redenoticia.com.br\/noticia\/imagens\/previsao-tempo-clima-temperatura-.jpg 300w, https:\/\/migracao.redenoticia.com.br\/noticia\/imagens\/previsao-tempo-clima-temperatura--250x160.jpg 250w, https:\/\/migracao.redenoticia.com.br\/noticia\/imagens\/previsao-tempo-clima-temperatura--150x96.jpg 150w\" sizes=\"auto, (max-width: 300px) 100vw, 300px\" \/>Foi assinado no dia 28 de mar\u00e7o, em Londres, Inglaterra, durante o <a href=\"http:\/\/agencia.fapesp.br\/15356\" target=\"_blank\">Planet under pressure<\/a>, um memorando de entendimento para a\u00e7\u00f5es colaborativas em pesquisa sobre <em><strong>mudan\u00e7as clim\u00e1ticas<\/strong><\/em> globais entre as ag\u00eancias de financiamento \u00e0 pesquisa de pa\u00edses signat\u00e1rios do Belmont Forum.<\/p>\n<p>Um dos objetivos do grupo, integrado pela FAPESP e por algumas das principais ag\u00eancias financiadoras de projetos de pesquisa sobre mudan\u00e7as clim\u00e1ticas no mundo, \u00e9 tentar mudar os rumos da colabora\u00e7\u00e3o internacional em pesquisa sobre o tema por meio de chamadas conjuntas de pesquisas.<\/p>\n<p>Coordenado pelo International Group of Funding Agencies for Global Change Research (IGFA), o grupo come\u00e7ou a ser criado em 2009 durante uma confer\u00eancia realizada pela National Science Foundation (NSF), dos Estados Unidos, e pelo Natural Environment Research Council (Nerc), do Reino Unido, na cidade norte-americana de Belmont.<\/p>\n<p>Participaram do primeiro encontro representantes de ag\u00eancias de financiamento \u00e0 pesquisa de pa\u00edses que comp\u00f5em o G8 (grupo dos sete pa\u00edses mais desenvolvidos mais a R\u00fassia), como a Agence Nationale de la Recherche (ANR), da Fran\u00e7a, e institui\u00e7\u00f5es da Alemanha e do Canad\u00e1.<\/p>\n<p>A partir do segundo encontro, em Londres, em 2010, o grupo come\u00e7ou a se expandir ao passar a contar com representantes de ag\u00eancias de outros pa\u00edses, como o Brasil, representado pela FAPESP, al\u00e9m da China, \u00cdndia e \u00c1frica do Sul.<\/p>\n<p>Ap\u00f3s os primeiros cinco encontros semestrais realizados pelo F\u00f3rum, os participantes concordaram em dois temas de pesquisa \u2013 \u00e1gua e vulnerabilidade costeira \u2013 que poderiam ser objeto de uma primeira chamada p\u00fablica de propostas.<\/p>\n<p>A chamada ser\u00e1 lan\u00e7ada oficialmente em 15 de abril, no <a href=\"http:\/\/igfagcr.org\/index.php\/belmont-forum\" target=\"_blank\">site oficial<\/a> do Belmont Forum.<\/p>\n<p>\u201cHavia pressa de ter um acordo entre as ag\u00eancias de fomento \u00e0 pesquisa que participam do Belmont Forum para lan\u00e7ar uma primeira chamada antes da RIO+20\u201d, disse Reynaldo Victoria, coordenador do programa FAPESP de Pesquisa sobre Mudan\u00e7as Clim\u00e1ticas Globais (PFPMCG) e representante da Funda\u00e7\u00e3o no Belmont Forum.<\/p>\n<p>Segundo Victoria, a participa\u00e7\u00e3o das ag\u00eancias nas chamadas lan\u00e7adas no \u00e2mbito do Belmont Forum \u00e9 livre. Entretanto, as chamadas precisam ter a participa\u00e7\u00e3o de, no m\u00ednimo, tr\u00eas pa\u00edses integrantes do grupo e ser\u00e3o gerenciadas por uma das ag\u00eancias de fomento \u00e0 pesquisa parceiras.<\/p>\n<p>A chamada sobre \u00e1gua, por exemplo, est\u00e1 sob a coordena\u00e7\u00e3o da ANR. Por sua vez, a chamada sobre vulnerabilidade costeira est\u00e1 sendo liderada pela NSF.<\/p>\n<p>\u201cA ag\u00eancia de financiamento indicada como l\u00edder da chamada concentra o recebimento das propostas e \u00e9 respons\u00e1vel por realizar os peers reviews (\u201crevis\u00e3o por pares\u201d) delas com membros sugeridos por todas as outras ag\u00eancias participantes da chamada\u201d, disse Victoria \u00e0 Ag\u00eancia FAPESP.<\/p>\n<p>\u201cA ag\u00eancia escolhida tamb\u00e9m \u00e9 encarregada de organizar um painel com especialistas, composto por representantes de cada ag\u00eancia participante da chamada, que analisa e classifica as propostas\u201d, explicou Victoria.<\/p>\n<p>A primeira chamada de propostas contar\u00e1 com recursos da ordem de \u20ac 20 milh\u00f5es, dos quais \u20ac 2,5 milh\u00f5es ser\u00e3o investidos pela FAPESP, sendo \u20ac 1,5 milh\u00e3o para projetos de pesquisa sobre seguran\u00e7a h\u00eddrica e \u20ac 1 milh\u00e3o para pesquisas sobre vulnerabilidade costeira, para financiar projetos realizados por pesquisadores do Estado de S\u00e3o Paulo nessas \u00e1reas em parceria com cientistas de, pelos menos, outros dois pa\u00edses participantes do F\u00f3rum.<\/p>\n<p>As propostas de pesquisadores do Estado de S\u00e3o Paulo para a chamada dever\u00e3o ser encaminhadas pelo site do Belmont Forum a partir da data de lan\u00e7amento, em 15 de abril, com c\u00f3pia para a FAPESP.<\/p>\n<p>\u201cN\u00f3s solicitamos que as propostas projeto de pesquisadores de S\u00e3o Paulo sejam enviadas tanto por meio do formul\u00e1rio padr\u00e3o do Belmont Forum, como tamb\u00e9m pelo formul\u00e1rio de submiss\u00e3o de propostas da FAPESP, para que possamos fazer a autua\u00e7\u00e3o\u201d, disse Patricia Brant Monteiro, diretora da \u00e1rea de Ci\u00eancias Biol\u00f3gicas e Agr\u00e1rias da FAPESP.<\/p>\n<p>A an\u00e1lise das propostas ser\u00e1 feita em duas etapas. Em uma primeira fase, os pesquisadores interessados dever\u00e3o enviar as pr\u00e9-propostas de seus projetos, que ser\u00e3o avaliadas por especialistas. Se a pr\u00e9-proposta for selecionada, o F\u00f3rum convidar\u00e1 os autores a submeter uma proposta definitiva.<\/p>\n<p>\u201cEssa \u00e9 uma ideia nova e muito interessante de coopera\u00e7\u00e3o internacional que as ag\u00eancias de fomento \u00e0 pesquisa est\u00e3o implementando\u201d, disse Monteiro. Este ano, a FAPESP lan\u00e7ou em parceria com a NSF uma chamada de propostas no \u00e2mbito do programa BIOTA cujo modelo de coopera\u00e7\u00e3o \u00e9 similar ao adotado pelo Belmont Forum.<\/p>\n<p>Al\u00e9m da FAPESP, assinaram o memorando de entendimento para pesquisas colaborativas em pesquisa do Belmont Forum o The Commonwealth Scientific and Industrial Research Organization (CSIRO), da Austr\u00e1lia, o Natural Sciences and Engineering Research Council of Canada (NSERC) e o Social Sciences and Humanities Research Council of Canada (SSHRC), a ANR, da Fran\u00e7a, o Deutsche Forschungsgemeinschaft (DFG), da Alemanha, o Ministry of Earth Sciences (MoES), da \u00cdndia, a Japan Science and Technology Agency, a National Research Foundation (NRF), da \u00c1frica do Sul, o Nerc e o Economic and Social Research Council (ESRC), do Reino Unido, e a NSF.<\/p>\n<p>Tamb\u00e9m apoiam a iniciativa o International Council of Scientific Unions (ICSU), o International Social Science Council (ISSC), o Programa das Na\u00e7\u00f5es Unidas para o Meio Ambiente (Pnuma) e a Organiza\u00e7\u00e3o das Na\u00e7\u00f5es Unidas para a Educa\u00e7\u00e3o, a Ci\u00eancia e a Cultura (Unesco).<\/p>\n<p>Chamada liderada pela FAPESP<\/p>\n<p>Ap\u00f3s a assinatura do memorando de entendimento, Carlos Henrique de Brito Cruz, diretor cient\u00edfico da FAPESP e vice-presidente do Belmont Forum, fez uma apresenta\u00e7\u00e3o sobre as futuras a\u00e7\u00f5es de pesquisa colaborativa no \u00e2mbito do grupo internacional. Entre elas, est\u00e1 o lan\u00e7amento de uma chamada de propostas de pesquisa sobre seguran\u00e7a alimentar e bioenergia, em 2013, que dever\u00e1 ser liderada pela FAPESP.<\/p>\n<p>A proposta surgiu na \u00faltima reuni\u00e3o do Belmont Forum, quando representantes das ag\u00eancias de fomento da \u00c1frica do Sul e \u00cdndia, entre outros pa\u00edses, manifestaram o interesse em pesquisas sobre a rela\u00e7\u00e3o entre bioenergia, produ\u00e7\u00e3o de alimentos e \u00e1gua e convidaram a FAPESP para liderar uma chamada.<\/p>\n<p>A FAPESP aceitou e se prop\u00f4s a organizar um workshop entre outubro e novembro de 2012, no Brasil, para formatar uma proposta que ir\u00e1 apresentar na pr\u00f3xima reuni\u00e3o do F\u00f3rum, em janeiro de 2013, na \u00cdndia, para gerenciar a chamada de propostas envolvendo bioenergia, seguran\u00e7a alimentar e h\u00eddrica.<\/p>\n<p>\u201cDesenvolvimento sustent\u00e1vel \u00e9 um desafio para o mundo e um tema cheio de oportunidades para o Brasil. A FAPESP, com seus tr\u00eas programas sobre biodiversidade, bioenergia e mudan\u00e7as clim\u00e1ticas globais, est\u00e1 institucionalmente posicionada para participar ativamente, abrindo oportunidades para os pesquisadores no Estado de S\u00e3o Paulo\u201d, disse Brito Cruz em sua apresenta\u00e7\u00e3o em Londres.<\/p>\n<p>De acordo com Brito Cruz, outros temas que dever\u00e3o ser contemplados nas pr\u00f3ximas chamadas de propostas de pesquisas lan\u00e7adas no \u00e2mbito do Belmont Forum dever\u00e3o ser sobre o \u00c1rtico, que n\u00e3o ter\u00e1 a participa\u00e7\u00e3o do Brasil, \u00cdndia e \u00c1frica do Sul, e sobre integra\u00e7\u00e3o de dados cient\u00edficos para possibilitar seu uso em v\u00e1rios campos de pesquisa.<\/p>\n<p>Na avalia\u00e7\u00e3o de Carlos Joly, coordenador do programa BIOTA-FAPESP e diretor do Departamento de Pol\u00edticas e Programas Tem\u00e1ticos da Secretaria de Pol\u00edticas e Programas de Pesquisa e Desenvolvimento do Minist\u00e9rio da Ci\u00eancia, Tecnologia e Inova\u00e7\u00e3o, a FAPESP dar\u00e1 uma importante contribui\u00e7\u00e3o filos\u00f3fica para o Belmont Forum, que pretende organizar a pesquisa ambiental no mundo.<\/p>\n<p>\u201cOs programas de pesquisa da FAPESP s\u00e3o exemplos de como organizar redes de pesquisa em uma determinada tem\u00e1tica, congregando pesquisadores com objetivos e utilizando ferramentas eletr\u00f4nicas comuns, como no caso do BIOTA, que podem ser uma contribui\u00e7\u00e3o filos\u00f3fica interessante da FAPESP \u00e0 proposta do Belmont Forum\u201d, disse Joly.<\/p>\n<p>Por Elton Alisson<\/p>\n<p>Ag\u00eancia FAPESP<\/p>\n","protected":false},"excerpt":{"rendered":"<p>Foi assinado no dia 28 de mar\u00e7o, em Londres, Inglaterra, durante o Planet under pressure, um memorando de entendimento para a\u00e7\u00f5es colaborativas em pesquisa sobre mudan\u00e7as clim\u00e1ticas globais entre as ag\u00eancias de financiamento \u00e0 pesquisa de pa\u00edses signat\u00e1rios do Belmont Forum. Um dos objetivos do grupo, integrado pela FAPESP e por algumas das principais ag\u00eancias [&hellip;]<\/p>\n","protected":false},"author":3,"featured_media":26302,"comment_status":"open","ping_status":"closed","sticky":false,"template":"","format":"standard","meta":{"tdm_status":"","tdm_grid_status":"","footnotes":""},"categories":[22,327],"tags":[],"class_list":{"0":"post-38610","1":"post","2":"type-post","3":"status-publish","4":"format-standard","5":"has-post-thumbnail","7":"category-brasil","8":"category-clima"},"_links":{"self":[{"href":"https:\/\/migracao.redenoticia.com.br\/noticia\/wp-json\/wp\/v2\/posts\/38610","targetHints":{"allow":["GET"]}}],"collection":[{"href":"https:\/\/migracao.redenoticia.com.br\/noticia\/wp-json\/wp\/v2\/posts"}],"about":[{"href":"https:\/\/migracao.redenoticia.com.br\/noticia\/wp-json\/wp\/v2\/types\/post"}],"author":[{"embeddable":true,"href":"https:\/\/migracao.redenoticia.com.br\/noticia\/wp-json\/wp\/v2\/users\/3"}],"replies":[{"embeddable":true,"href":"https:\/\/migracao.redenoticia.com.br\/noticia\/wp-json\/wp\/v2\/comments?post=38610"}],"version-history":[{"count":0,"href":"https:\/\/migracao.redenoticia.com.br\/noticia\/wp-json\/wp\/v2\/posts\/38610\/revisions"}],"wp:featuredmedia":[{"embeddable":true,"href":"https:\/\/migracao.redenoticia.com.br\/noticia\/wp-json\/wp\/v2\/media\/26302"}],"wp:attachment":[{"href":"https:\/\/migracao.redenoticia.com.br\/noticia\/wp-json\/wp\/v2\/media?parent=38610"}],"wp:term":[{"taxonomy":"category","embeddable":true,"href":"https:\/\/migracao.redenoticia.com.br\/noticia\/wp-json\/wp\/v2\/categories?post=38610"},{"taxonomy":"post_tag","embeddable":true,"href":"https:\/\/migracao.redenoticia.com.br\/noticia\/wp-json\/wp\/v2\/tags?post=38610"}],"curies":[{"name":"wp","href":"https:\/\/api.w.org\/{rel}","templated":true}]}}