{"id":38612,"date":"2012-03-30T13:49:28","date_gmt":"2012-03-30T16:49:28","guid":{"rendered":"http:\/\/www.redenoticia.com.br\/noticia\/?p=38612"},"modified":"2012-03-30T13:49:28","modified_gmt":"2012-03-30T16:49:28","slug":"casa-das-rosas-comemora-mes-do-livro-infantil","status":"publish","type":"post","link":"https:\/\/migracao.redenoticia.com.br\/noticia\/2012\/casa-das-rosas-comemora-mes-do-livro-infantil\/38612","title":{"rendered":"Casa das Rosas comemora m\u00eas do livro infantil"},"content":{"rendered":"<p><img loading=\"lazy\" decoding=\"async\" class=\"alignleft size-full wp-image-34821\" title=\"livro\" src=\"https:\/\/migracao.redenoticia.com.br\/noticia\/imagens\/livro1.jpg\" alt=\"\" width=\"300\" height=\"193\" srcset=\"https:\/\/migracao.redenoticia.com.br\/noticia\/imagens\/livro1.jpg 300w, https:\/\/migracao.redenoticia.com.br\/noticia\/imagens\/livro1-250x160.jpg 250w, https:\/\/migracao.redenoticia.com.br\/noticia\/imagens\/livro1-150x96.jpg 150w\" sizes=\"auto, (max-width: 300px) 100vw, 300px\" \/>Para comemorar o m\u00eas do <em><strong>livro infantil<\/strong><\/em>, celebrado em abril, a <em><strong>Casa das Rosas<\/strong><\/em> &#8211; Espa\u00e7o Haroldo de Campos de Poesia e Literatura ter\u00e1 atividades especiais envolvendo crian\u00e7as e livros. No s\u00e1bado, 31, das 13h \u00e0s 15h, est\u00e1 programada a Feira de troca de livros infantis, gibis e brinquedos.<\/p>\n<p>A garotada pode levar livros, gibis e brinquedos que j\u00e1 n\u00e3o lhes interessam para trocar. S\u00f3 n\u00e3o vale livro did\u00e1tico nem brinquedo quebrado. Para os marmanjos n\u00e3o ficarem com inveja, \u00e0s 15h come\u00e7a a Feira de troca de livros para adultos.<\/p>\n<p>No domingo, dia 1\u00ba de abril, as crian\u00e7as poder\u00e3o participar da oficina Livro adentro, que tem por objetivo instigar os participantes a explorar esse objeto cheio de possibilidades, imagens, texturas e cores e ensinar as crian\u00e7as a criar seu pr\u00f3prio livro.<\/p>\n<p>Servi\u00e7o<\/p>\n<p>Feira de troca de livros<br \/>\nData: 31 de mar\u00e7o, das 13h \u00e0s 15h (para crian\u00e7as) e das 15h \u00e0s 17h (para adultos)<\/p>\n<p>Oficina livro adentro<br \/>\nData: 1\u00ba de abril, das 15h \u00e0s 17h<\/p>\n<p>Local: Casa das Rosas<br \/>\nAv. Paulista, 37, Bela Vista &#8211; S\u00e3o Paulo<br \/>\nInforma\u00e7\u00f5es: (11) 3285-6986, contato@casadasrosas.org.br<\/p>\n<p>Do Portal do Governo do Estado<\/p>\n","protected":false},"excerpt":{"rendered":"<p>Para comemorar o m\u00eas do livro infantil, celebrado em abril, a Casa das Rosas &#8211; Espa\u00e7o Haroldo de Campos de Poesia e Literatura ter\u00e1 atividades especiais envolvendo crian\u00e7as e livros. No s\u00e1bado, 31, das 13h \u00e0s 15h, est\u00e1 programada a Feira de troca de livros infantis, gibis e brinquedos. A garotada pode levar livros, gibis [&hellip;]<\/p>\n","protected":false},"author":3,"featured_media":34821,"comment_status":"open","ping_status":"closed","sticky":false,"template":"","format":"standard","meta":{"tdm_status":"","tdm_grid_status":"","footnotes":""},"categories":[22],"tags":[],"class_list":{"0":"post-38612","1":"post","2":"type-post","3":"status-publish","4":"format-standard","5":"has-post-thumbnail","7":"category-brasil"},"_links":{"self":[{"href":"https:\/\/migracao.redenoticia.com.br\/noticia\/wp-json\/wp\/v2\/posts\/38612","targetHints":{"allow":["GET"]}}],"collection":[{"href":"https:\/\/migracao.redenoticia.com.br\/noticia\/wp-json\/wp\/v2\/posts"}],"about":[{"href":"https:\/\/migracao.redenoticia.com.br\/noticia\/wp-json\/wp\/v2\/types\/post"}],"author":[{"embeddable":true,"href":"https:\/\/migracao.redenoticia.com.br\/noticia\/wp-json\/wp\/v2\/users\/3"}],"replies":[{"embeddable":true,"href":"https:\/\/migracao.redenoticia.com.br\/noticia\/wp-json\/wp\/v2\/comments?post=38612"}],"version-history":[{"count":0,"href":"https:\/\/migracao.redenoticia.com.br\/noticia\/wp-json\/wp\/v2\/posts\/38612\/revisions"}],"wp:featuredmedia":[{"embeddable":true,"href":"https:\/\/migracao.redenoticia.com.br\/noticia\/wp-json\/wp\/v2\/media\/34821"}],"wp:attachment":[{"href":"https:\/\/migracao.redenoticia.com.br\/noticia\/wp-json\/wp\/v2\/media?parent=38612"}],"wp:term":[{"taxonomy":"category","embeddable":true,"href":"https:\/\/migracao.redenoticia.com.br\/noticia\/wp-json\/wp\/v2\/categories?post=38612"},{"taxonomy":"post_tag","embeddable":true,"href":"https:\/\/migracao.redenoticia.com.br\/noticia\/wp-json\/wp\/v2\/tags?post=38612"}],"curies":[{"name":"wp","href":"https:\/\/api.w.org\/{rel}","templated":true}]}}