{"id":38673,"date":"2012-04-05T15:19:11","date_gmt":"2012-04-05T18:19:11","guid":{"rendered":"http:\/\/www.redenoticia.com.br\/noticia\/?p=38673"},"modified":"2012-04-08T19:56:57","modified_gmt":"2012-04-08T22:56:57","slug":"programacao-cultural-de-pascoa-em-sp","status":"publish","type":"post","link":"https:\/\/migracao.redenoticia.com.br\/noticia\/2012\/programacao-cultural-de-pascoa-em-sp\/38673","title":{"rendered":"Programa\u00e7\u00e3o cultural de P\u00e1scoa em SP"},"content":{"rendered":"<p><em><strong><img loading=\"lazy\" decoding=\"async\" class=\"alignleft size-full wp-image-27918\" title=\"virada cultural sp\" src=\"https:\/\/migracao.redenoticia.com.br\/noticia\/imagens\/virada-cultural-sp-2010.jpg\" alt=\"\" width=\"300\" height=\"193\" srcset=\"https:\/\/migracao.redenoticia.com.br\/noticia\/imagens\/virada-cultural-sp-2010.jpg 300w, https:\/\/migracao.redenoticia.com.br\/noticia\/imagens\/virada-cultural-sp-2010-250x160.jpg 250w, https:\/\/migracao.redenoticia.com.br\/noticia\/imagens\/virada-cultural-sp-2010-150x96.jpg 150w\" sizes=\"auto, (max-width: 300px) 100vw, 300px\" \/>Programa\u00e7\u00e3o cultural de P\u00e1scoa<\/strong><\/em> em SP: uma oficina que ensina as crian\u00e7as a fazerem porta-retratos de coelho, um espet\u00e1culo musical gratuito da pe\u00e7a As Sete \u00daltimas Palavras de Cristo na Cruz ou um show de Gal Costa. Essas s\u00e3o algumas das atra\u00e7\u00f5es gratuitas na capital durante a semana santa.<\/p>\n<p>Na sexta-feira santa, uma boa op\u00e7\u00e3o \u00e9 a pe\u00e7a As Sete \u00daltimas Palavras de Cristo na Cruz, de 1787 e composta pelo austr\u00edaco Joseph Haydn. A pe\u00e7a ser\u00e1 executada pelos m\u00fasicos da Orquestra Jovem do Estado, com reg\u00eancia de Cl\u00e1udio Cruz, que tamb\u00e9m \u00e9 diretor musical do grupo. Segundo ele, o aspecto consolat\u00f3rio e meditativo da obra traz a atmosfera do Calv\u00e1rio, lugar da crucifica\u00e7\u00e3o de Cristo. &#8220;Este aspecto dram\u00e1tico e tr\u00e1gico \u00e9 inserido na obra de forma que cada uma das sonatas remete a uma das falas de Cristo na cruz&#8221;, conta o regente.<\/p>\n<p>J\u00e1 no domingo de P\u00e1scoa, 8, o MIS (Museu da Imagem e do Som) ter\u00e1 uma edi\u00e7\u00e3o especial para comemorar a data, dentro do projeto Maratona Infantil &#8211; cuja programa\u00e7\u00e3o inclui oficinas, interven\u00e7\u00f5es circenses, conta\u00e7\u00e3o de hist\u00f3rias e muito mais. Um dos destaques \u00e9 a Oficina de Artes do Ateli\u00ea Maria Flor, que ensinar\u00e1 os participantes a produzir porta-retratos de coelho e cart\u00f5es de P\u00e1scoa. Haver\u00e1 ainda a oficina perform\u00e1tica P\u00e1scoa J\u00e1, com a equipe Educar Sustent\u00e1vel. Os ministrantes, vestidos de coelhos, dar\u00e3o uma aula sobre os s\u00edmbolos pascoalinos.<\/p>\n<p>A Sala S\u00e3o Paulo apresenta uma alternativa aos amantes musicais no domingo de P\u00e1scoa: \u00e0s 11h, o espa\u00e7o receber\u00e1 a Orquestra Jazz Sinf\u00f4nica, com concerto gratuito ao p\u00fablico. Sob reg\u00eancia de Jo\u00e3o Mauricio Galindo, o programa inclui composi\u00e7\u00f5es de Radam\u00e9s Gnatalli, como Brasiliana n\u00ba 2 e Concerto Carioca n\u00ba 1.<\/p>\n<p>E no Parque da Juventude, \u00e0s 11h30, haver\u00e1 show de Gal Costa, uma das principais cantoras do Pa\u00eds. Em seguida, oficinas de colagem e shows de teatro e dan\u00e7a.<\/p>\n<p>Servi\u00e7o<\/p>\n<p>Orquestra Jazz Sinf\u00f4nica<br \/>\nSala S\u00e3o Paulo<br \/>\nDia 08\/4, \u00e0s 11hPra\u00e7a J\u00falio Prestes, 16Entrada franca (a partir de cinco ingressos por pessoa, ser\u00e1 cobrado o valor de R$2 para cada ingresso)Tel.: (11) 3223-3966<br \/>\nwww.osesp.art.br<\/p>\n<p>Maratona infantil &#8211; edi\u00e7\u00e3o especial de P\u00e1scoa<br \/>\nMuseu da Imagem e do Som<br \/>\nDia 08\/4, das 10h \u00e0s 17h.<br \/>\nAvenida Europa, 158<br \/>\nGr\u00e1tis.Tel.: (11) 2117-4777<\/p>\n<p>Orquestra Jovem do Estado de S\u00e3o Paulo<br \/>\nDia 06\/4, \u00e0s 18hSantu\u00e1rio do Sagrado Cora\u00e7\u00e3o de Jesus &#8211; Largo Cora\u00e7\u00e3o de Jesus, 154, Campos El\u00edseos<br \/>\nEntrada franca<\/p>\n<p>Gal Costa<br \/>\nParque da Juventude<br \/>\nav. Cruzeiro do Sul, 2630 (metr\u00f4 Carandiru)\/ av. Zaki Narchi, 1309\/ av. Gal Ataliba Leonel, 490<br \/>\nEntrada Franca<\/p>\n<p>Do Portal do Governo do Estado<\/p>\n","protected":false},"excerpt":{"rendered":"<p>Programa\u00e7\u00e3o cultural de P\u00e1scoa em SP: uma oficina que ensina as crian\u00e7as a fazerem porta-retratos de coelho, um espet\u00e1culo musical gratuito da pe\u00e7a As Sete \u00daltimas Palavras de Cristo na Cruz ou um show de Gal Costa. Essas s\u00e3o algumas das atra\u00e7\u00f5es gratuitas na capital durante a semana santa. Na sexta-feira santa, uma boa op\u00e7\u00e3o [&hellip;]<\/p>\n","protected":false},"author":3,"featured_media":27918,"comment_status":"open","ping_status":"closed","sticky":false,"template":"","format":"standard","meta":{"tdm_status":"","tdm_grid_status":"","footnotes":""},"categories":[22],"tags":[],"class_list":{"0":"post-38673","1":"post","2":"type-post","3":"status-publish","4":"format-standard","5":"has-post-thumbnail","7":"category-brasil"},"_links":{"self":[{"href":"https:\/\/migracao.redenoticia.com.br\/noticia\/wp-json\/wp\/v2\/posts\/38673","targetHints":{"allow":["GET"]}}],"collection":[{"href":"https:\/\/migracao.redenoticia.com.br\/noticia\/wp-json\/wp\/v2\/posts"}],"about":[{"href":"https:\/\/migracao.redenoticia.com.br\/noticia\/wp-json\/wp\/v2\/types\/post"}],"author":[{"embeddable":true,"href":"https:\/\/migracao.redenoticia.com.br\/noticia\/wp-json\/wp\/v2\/users\/3"}],"replies":[{"embeddable":true,"href":"https:\/\/migracao.redenoticia.com.br\/noticia\/wp-json\/wp\/v2\/comments?post=38673"}],"version-history":[{"count":0,"href":"https:\/\/migracao.redenoticia.com.br\/noticia\/wp-json\/wp\/v2\/posts\/38673\/revisions"}],"wp:featuredmedia":[{"embeddable":true,"href":"https:\/\/migracao.redenoticia.com.br\/noticia\/wp-json\/wp\/v2\/media\/27918"}],"wp:attachment":[{"href":"https:\/\/migracao.redenoticia.com.br\/noticia\/wp-json\/wp\/v2\/media?parent=38673"}],"wp:term":[{"taxonomy":"category","embeddable":true,"href":"https:\/\/migracao.redenoticia.com.br\/noticia\/wp-json\/wp\/v2\/categories?post=38673"},{"taxonomy":"post_tag","embeddable":true,"href":"https:\/\/migracao.redenoticia.com.br\/noticia\/wp-json\/wp\/v2\/tags?post=38673"}],"curies":[{"name":"wp","href":"https:\/\/api.w.org\/{rel}","templated":true}]}}