{"id":38674,"date":"2012-04-05T15:37:41","date_gmt":"2012-04-05T18:37:41","guid":{"rendered":"http:\/\/www.redenoticia.com.br\/noticia\/?p=38674"},"modified":"2012-04-08T19:56:36","modified_gmt":"2012-04-08T22:56:36","slug":"saiba-o-que-abre-e-fecha-em-sao-paulo-durante-a-pascoa","status":"publish","type":"post","link":"https:\/\/migracao.redenoticia.com.br\/noticia\/2012\/saiba-o-que-abre-e-fecha-em-sao-paulo-durante-a-pascoa\/38674","title":{"rendered":"Saiba o que abre e fecha em S\u00e3o Paulo durante a P\u00e1scoa"},"content":{"rendered":"<p><img loading=\"lazy\" decoding=\"async\" class=\"alignleft size-full wp-image-34722\" title=\"pascoa\" src=\"https:\/\/migracao.redenoticia.com.br\/noticia\/imagens\/pascoa.jpg\" alt=\"\" width=\"301\" height=\"194\" srcset=\"https:\/\/migracao.redenoticia.com.br\/noticia\/imagens\/pascoa.jpg 301w, https:\/\/migracao.redenoticia.com.br\/noticia\/imagens\/pascoa-250x161.jpg 250w, https:\/\/migracao.redenoticia.com.br\/noticia\/imagens\/pascoa-150x96.jpg 150w\" sizes=\"auto, (max-width: 301px) 100vw, 301px\" \/>Saiba <em><strong>o que abre e fecha em S\u00e3o Paulo durante a P\u00e1scoa<\/strong><\/em>: nesta sexta-feira, 6, os hor\u00e1rios de alguns \u00f3rg\u00e3os p\u00fablicos ser\u00e3o alterados por conta do feriado. Confira abaixo o funcionamento dos principais: Metr\u00f4 &#8211; a partir de quinta-feira, 5, o Metr\u00f4 dar\u00e1 in\u00edcio a um esquema especial de opera\u00e7\u00e3o para atender \u00e0 popula\u00e7\u00e3o que deixar a capital pelos terminais rodovi\u00e1rios Tiet\u00ea, Jabaquara e Barra Funda, durante o feriado da Semana Santa. Nos hor\u00e1rios de maior movimento, haver\u00e1 refor\u00e7o na oferta de trens em circula\u00e7\u00e3o.<\/p>\n<p>Na quinta-feira, na Linha 1-Azul (Jabaquara-Tucuruvi), que d\u00e1 acesso aos terminais rodovi\u00e1rios Tiet\u00ea e Jabaquara, ser\u00e3o realizadas oito viagens a mais que em um dia \u00fatil t\u00edpico. Nas demais linhas, as viagens programadas n\u00e3o sofrer\u00e3o altera\u00e7\u00e3o.<\/p>\n<p>Durante o feriado de sexta-feira, 6, a frota de trens em circula\u00e7\u00e3o ser\u00e1 igual a que circula no domingo. J\u00e1 no final semana, tanto no s\u00e1bado, 7, quanto no domingo, 8, o Metr\u00f4 programou oferta semelhante \u00e0 praticada habitualmente.<\/p>\n<p>Na segunda-feira, 9, para facilitar a volta para casa, o in\u00edcio da opera\u00e7\u00e3o comercial nas linhas 1-Azul, 2-Verde (Vila Prudente \u2013 Vila Madalena), 3-Vermelha (Corinthians\/Itaquera \u2013 Palmeiras\/Barra Funda) e 4-Amarela (Butant\u00e3 \u2013 Luz) ser\u00e1 antecipado para \u00e0s 4 horas. Na linha 5-Lil\u00e1s (Cap\u00e3o Redondo \u2013 Largo Treze), a opera\u00e7\u00e3o ter\u00e1 in\u00edcio no hor\u00e1rio normal, ou seja, a partir das 4h40.<\/p>\n<p>CPTM<\/p>\n<p>A CPTM realizar\u00e1 obras de moderniza\u00e7\u00e3o e manuten\u00e7\u00e3o que ir\u00e3o alterar os intervalos das linhas em trechos espec\u00edficos da opera\u00e7\u00e3o. Os trabalhos ser\u00e3o desenvolvidos em per\u00edodos de menor movimenta\u00e7\u00e3o, com o objetivo de gerar menor impacto aos usu\u00e1rios.<\/p>\n<p>Linha 8 &#8211; Diamante (J\u00falio Prestes \u2013 Itapevi): das 4 horas at\u00e9 o fim da opera\u00e7\u00e3o comercial da sexta-feira, 6, haver\u00e1 transfer\u00eancia de equipamentos entre as esta\u00e7\u00f5es Domingos de Moraes e Imperatriz Leopoldina.<\/p>\n<p>No mesmo trecho, ap\u00f3s \u00e0s 18h de s\u00e1bado, 7, at\u00e9 o fim da opera\u00e7\u00e3o comercial, equipes de manuten\u00e7\u00e3o realizar\u00e3o a substitui\u00e7\u00e3o de equipamento de via. No domingo, 8, das 20 horas at\u00e9 o fim da opera\u00e7\u00e3o comercial, ser\u00e1 realizada a substitui\u00e7\u00e3o de equipamento de vias entre as esta\u00e7\u00f5es Sagrado Cora\u00e7\u00e3o e Engenheiro Cardoso. As interven\u00e7\u00f5es ocasionar\u00e3o amplia\u00e7\u00e3o do intervalo m\u00e9dio entre os trens.<\/p>\n<p>Linha 9-Esmeralda (Osasco-Graja\u00fa): ser\u00e1 fechada neste domingo, 8, para obras de moderniza\u00e7\u00e3o. Esse ser\u00e1 o terceiro domingo em que essa linha ficar\u00e1 inoperante, visando acelerar as interven\u00e7\u00f5es necess\u00e1rias para a melhoria de sua infraestrutura (sinaliza\u00e7\u00e3o, energia, rede a\u00e9rea e vias). Na segunda-feira, 9, a linha voltar\u00e1 a funcionar normalmente, das 4h \u00e0 meia-noite.<\/p>\n<p>Linha 10 \u2013 Turquesa (Br\u00e1s \u2013Rio Grande da Serra): na sexta-feira, 6, as composi\u00e7\u00f5es circular\u00e3o com os intervalos praticados nos domingos. J\u00e1 no s\u00e1bado, 7, e no domingo, 8, os trens circular\u00e3o com intervalos normais de finais de semana.<\/p>\n<p>Linha 11- Coral (Luz -Guaianazes): das 4 horas at\u00e9 o fim da opera\u00e7\u00e3o comercial do domingo, 8, acontece a substitui\u00e7\u00e3o de componentes do sistema de energia de alimenta\u00e7\u00e3o dos trens ao longo do trecho, ocasionando aumento no intervalo m\u00e9dio entre as composi\u00e7\u00f5es.<\/p>\n<p>Linha 11- Coral (Guaianazes-Estudantes): das 7 \u00e0s 20 horas do domingo, 8, ser\u00e3o realizados servi\u00e7os de substitui\u00e7\u00e3o de componentes da via e manuten\u00e7\u00e3o da faixa de dom\u00ednio entre as esta\u00e7\u00f5es Ferraz de Vasconcelos e Po\u00e1. Em raz\u00e3o disso, os trens circular\u00e3o com maior intervalo m\u00e9dio.<\/p>\n<p>Linha 12-Safira (Br\u00e1s \u2013 Calmon Viana): a partir das 18 horas do s\u00e1bado, 7, at\u00e9 o fim da opera\u00e7\u00e3o comercial, os trens circular\u00e3o com maior intervalo em raz\u00e3o da instala\u00e7\u00e3o e manuten\u00e7\u00e3o dos equipamentos do sistema de energia de alimenta\u00e7\u00e3o dos trens na regi\u00e3o da esta\u00e7\u00e3o Tatuap\u00e9. Os servi\u00e7os prosseguem no mesmo local das 7 \u00e0s 17 horas do domingo, 8. Em raz\u00e3o disso, haver\u00e1 amplia\u00e7\u00e3o do intervalo m\u00e9dio entre uma composi\u00e7\u00e3o e outra.<\/p>\n<p>EMTU<\/p>\n<p>&nbsp;<\/p>\n<p>No feriado de Sexta-feira Santa, 6, as linhas intermunicipais de \u00f4nibus gerenciadas pela EMTU\/SP na Grande S\u00e3o Paulo v\u00e3o operar com o n\u00famero de partidas equivalente ao domingo. No s\u00e1bado e domingo de P\u00e1scoa, a opera\u00e7\u00e3o ser\u00e1 semelhante \u00e0 dos fins de semana normais.<\/p>\n<p>Sa\u00fade<\/p>\n<p>Todo servi\u00e7o de urg\u00eancia e emerg\u00eancia fica aberto durante o feriado e somente as consultas ambulatoriais ser\u00e3o reagendadas.<\/p>\n<p>Procon<\/p>\n<p>N\u00e3o haver\u00e1 atendimento nos dias 6 e 7 de abril, sexta e s\u00e1bado, respectivamente. Feriado de P\u00e1scoa em todos os postos de atendimento pessoal e tamb\u00e9m atrav\u00e9s do atendimento telef\u00f4nico e eletr\u00f4nico, fax, audi\u00eancias e administrativo.<\/p>\n<p>Poupatempo<\/p>\n<p>&nbsp;<\/p>\n<p>N\u00e3o haver\u00e1 atendimento nos dias 6 e 7 de abril em todos os postos do Poupatempo e tamb\u00e9m atrav\u00e9s do Teleatendimento. Especificamente em Taubat\u00e9, o Poupatempo tamb\u00e9m n\u00e3o funcionar\u00e1 na segunda-feira, 9, em fun\u00e7\u00e3o do feriado municipal, mas todos os outros postos voltam a atender em seus hor\u00e1rios habituais, que podem ser consultados em <a href=\"http:\/\/www.poupatempo.sp.gov.br\/\" target=\"_blank\">www.poupatempo.sp.gov.br<\/a> ou pelo Disque Poupatempo \u2013 0800 772 36 33 (liga\u00e7\u00e3o gratuita).<\/p>\n<p>Do Portal do Governo do Estado<\/p>\n","protected":false},"excerpt":{"rendered":"<p>Saiba o que abre e fecha em S\u00e3o Paulo durante a P\u00e1scoa: nesta sexta-feira, 6, os hor\u00e1rios de alguns \u00f3rg\u00e3os p\u00fablicos ser\u00e3o alterados por conta do feriado. Confira abaixo o funcionamento dos principais: Metr\u00f4 &#8211; a partir de quinta-feira, 5, o Metr\u00f4 dar\u00e1 in\u00edcio a um esquema especial de opera\u00e7\u00e3o para atender \u00e0 popula\u00e7\u00e3o que [&hellip;]<\/p>\n","protected":false},"author":3,"featured_media":34722,"comment_status":"open","ping_status":"closed","sticky":false,"template":"","format":"standard","meta":{"tdm_status":"","tdm_grid_status":"","footnotes":""},"categories":[22],"tags":[],"class_list":{"0":"post-38674","1":"post","2":"type-post","3":"status-publish","4":"format-standard","5":"has-post-thumbnail","7":"category-brasil"},"_links":{"self":[{"href":"https:\/\/migracao.redenoticia.com.br\/noticia\/wp-json\/wp\/v2\/posts\/38674","targetHints":{"allow":["GET"]}}],"collection":[{"href":"https:\/\/migracao.redenoticia.com.br\/noticia\/wp-json\/wp\/v2\/posts"}],"about":[{"href":"https:\/\/migracao.redenoticia.com.br\/noticia\/wp-json\/wp\/v2\/types\/post"}],"author":[{"embeddable":true,"href":"https:\/\/migracao.redenoticia.com.br\/noticia\/wp-json\/wp\/v2\/users\/3"}],"replies":[{"embeddable":true,"href":"https:\/\/migracao.redenoticia.com.br\/noticia\/wp-json\/wp\/v2\/comments?post=38674"}],"version-history":[{"count":0,"href":"https:\/\/migracao.redenoticia.com.br\/noticia\/wp-json\/wp\/v2\/posts\/38674\/revisions"}],"wp:featuredmedia":[{"embeddable":true,"href":"https:\/\/migracao.redenoticia.com.br\/noticia\/wp-json\/wp\/v2\/media\/34722"}],"wp:attachment":[{"href":"https:\/\/migracao.redenoticia.com.br\/noticia\/wp-json\/wp\/v2\/media?parent=38674"}],"wp:term":[{"taxonomy":"category","embeddable":true,"href":"https:\/\/migracao.redenoticia.com.br\/noticia\/wp-json\/wp\/v2\/categories?post=38674"},{"taxonomy":"post_tag","embeddable":true,"href":"https:\/\/migracao.redenoticia.com.br\/noticia\/wp-json\/wp\/v2\/tags?post=38674"}],"curies":[{"name":"wp","href":"https:\/\/api.w.org\/{rel}","templated":true}]}}