{"id":3877,"date":"2009-06-26T13:21:09","date_gmt":"2009-06-26T17:21:09","guid":{"rendered":"http:\/\/www.redenoticia.com.br\/noticia\/?p=3877"},"modified":"2009-06-26T13:21:09","modified_gmt":"2009-06-26T17:21:09","slug":"curso-forma-especialistas-em-atencao-ao-paciente-critico","status":"publish","type":"post","link":"https:\/\/migracao.redenoticia.com.br\/noticia\/2009\/curso-forma-especialistas-em-atencao-ao-paciente-critico\/3877","title":{"rendered":"Curso forma especialistas em aten\u00e7\u00e3o ao paciente cr\u00edtico"},"content":{"rendered":"<p style=\"margin-top: 0cm; margin-right: 0cm; margin-bottom: 0pt; margin-left: 0cm; text-indent: 18pt;\"><span style=\"line-height: 19px;\"><span style=\"font-size: small;\"><span style=\"font-family: Arial;\">O Hospital S\u00edrio-Liban\u00eas, em parceria com o Minist\u00e9rio da Sa\u00fade, receber\u00e1 os 25 primeiros alunos do Curso de Especializa\u00e7\u00e3o em Gest\u00e3o do Cuidado ao Paciente Cr\u00edtico neste domingo, 28 de julho, em S\u00e3o Paulo. O grupo formado por anestesistas, intensivistas, emergencistas, enfermeiros, fisioterapeutas e profissionais do SAMU 192 de nove estados do Brasil (<em>veja quadro <\/em>abaixo) aprender\u00e1 a lidar com pacientes com elevado grau de comprometimento da sa\u00fade, como politraumatismos, cirurgias em idosos, doen\u00e7as degenerativas em estado avan\u00e7ado e infec\u00e7\u00f5es graves.<\/span><\/span><\/span><\/p>\n<p style=\"margin-top: 0cm; margin-right: 0cm; margin-bottom: 0pt; margin-left: 0cm; text-indent: 18pt;\"><span style=\"line-height: 19px;\"><span style=\"font-size: small;\"><span style=\"font-family: Arial;\">Esse primeiro grupo passar\u00e1 15 dias de curso intensivo no Hospital S\u00edrio-Liban\u00eas. Depois disso, eles voltar\u00e3o para os seus estados, de onde ter\u00e3o aulas duas vezes por semana, durante tr\u00eas anos, por meio de videoconfer\u00eancia junto a outros 200 profissionais de sa\u00fade, totalizando 225 especializandos em Gest\u00e3o do Cuidado ao Paciente Cr\u00edtico. At\u00e9 o fim do ano, todos os alunos passar\u00e3o pelo est\u00e1gio de 15 dias em S\u00e3o Paulo, sempre em turmas de 25 pessoas de diferentes estados.<\/span><\/span><\/span><\/p>\n<p style=\"margin-top: 0cm; margin-right: 0cm; margin-bottom: 0pt; margin-left: 0cm; text-indent: 18pt;\"><span style=\"line-height: 19px;\"><span style=\"font-size: small;\"><span style=\"font-family: Arial;\">A aula inaugural da p\u00f3s-gradua\u00e7\u00e3o\u00a0<em>lato sensu <\/em>ser\u00e1 realizada no dia 1\u00ba de julho, com o coordenador geral de Urg\u00eancia e Emerg\u00eancia do Minist\u00e9rio da Sa\u00fade, Clesio Mello de Castro, por meio de videoconfer\u00eancia. \u201cCom o curso, queremos diminuir os tempos de resposta para atendimento e qualificar a aten\u00e7\u00e3o \u00e0 sa\u00fade em todas as fases do atendimento\u201d, afirma o coordenador.<\/span><\/span><\/span><\/p>\n<p style=\"margin-top: 0cm; margin-right: 0cm; margin-bottom: 0pt; margin-left: 0cm; text-indent: 18pt;\"><span style=\"line-height: 19px;\"><span style=\"font-size: small;\"><span style=\"font-family: Arial;\">Ele explica que, no caso de uma urg\u00eancia cardiovascular (como problemas relacionados \u00e0 hipertens\u00e3o arterial), por exemplo, o tempo de resposta \u00e9 fundamental para a recupera\u00e7\u00e3o do paciente. \u201cEssa situa\u00e7\u00e3o ser\u00e1 muito beneficiada com o treinamento tanto por conta do menor tempo de resposta quanto da unifica\u00e7\u00e3o dos protocolos entre os profissionais de sa\u00fade\u201d, ressalta Castro.<\/span><\/span><\/span><\/p>\n<p style=\"margin-top: 0cm; margin-right: 0cm; margin-bottom: 0pt; margin-left: 0cm; text-indent: 18pt;\"><span style=\"line-height: 19px;\"><span style=\"font-family: Arial; font-size: small;\"> <\/span><\/span><\/p>\n<p style=\"margin-top: 0cm; margin-right: 0cm; margin-bottom: 0pt; margin-left: 0cm; text-indent: 18pt;\"><span style=\"font-family: Arial;\"><strong><span style=\"font-size: 9pt; line-height: 18px;\">MULTIPLICADORES<\/span><\/strong><span style=\"font-size: small;\"><strong><span style=\"line-height: 24px;\"> <\/span><\/strong><span style=\"line-height: 24px;\">\u2013 Essa primeira turma de 225 alunos funcionar\u00e1 como multiplicadora das pr\u00e1ticas de aten\u00e7\u00e3o ao paciente cr\u00edtico a partir de 2010, ainda no decorrer do curso. Cada equipe de 25 profissionais replicar\u00e1 o conte\u00fado para outros tr\u00eas hospitais (sendo cinco especializandos em cada), totalizando 135 profissionais em cada um dos nove estados. Em todo o pa\u00eds, ser\u00e3o mais 360 capacitados dentro de tr\u00eas anos.<\/span><\/span><\/span><\/p>\n<p style=\"margin-top: 0cm; margin-right: 0cm; margin-bottom: 0pt; margin-left: 0cm; text-indent: 18pt;\"><span style=\"line-height: 19px;\"><span style=\"font-size: small;\"><span style=\"font-family: Arial;\">De acordo com o diretor do Instituto de Ensino e Pesquisa do Hospital S\u00edrio-Liban\u00eas (IEP\/HSL), Roberto Padilha, a partir de 2011, a unidade de sa\u00fade e o minist\u00e9rio desenvolver\u00e3o a\u00e7\u00f5es de melhorias focadas nas necessidades dos hospitais identificadas durante o curso. Ele observa que a capacita\u00e7\u00e3o desenvolvida pelo IEP ser\u00e1 baseada na realidade da sa\u00fade brasileira, com o aumento da expectativa de vida e, consequentemente, das doen\u00e7as cardiovasculares e neurodegenerativas, entre outras. \u201cVamos monitorar toda a rotina de aten\u00e7\u00e3o ao paciente cr\u00edtico e introduzir protocolos nas unidades de sa\u00fade a partir da pr\u00e1tica. Discutiremos situa\u00e7\u00f5es do dia-a-dia dos hospitais\u201d, afirma o diretor.<\/span><\/span><\/span><\/p>\n<p style=\"margin-top: 0cm; margin-right: 0cm; margin-bottom: 0pt; margin-left: 0cm; text-indent: 18pt;\"><span style=\"line-height: 19px;\"><span style=\"font-size: small;\"><span style=\"font-family: Arial;\">Para a gerente de Ensino do Instituto de Ensino e Pesquisa do Hospital S\u00edrio-Liban\u00eas, Maria Silvia Saliba, a expectativa \u00e9 de que a capacita\u00e7\u00e3o tenha um impacto importante no atendimento aos pacientes de alto risco. \u201cInclu\u00edmos profissionais que participam de toda a linha de atendimento, desde a porta de entrada do hospital at\u00e9 o centro cir\u00fargico. Vamos discutir at\u00e9 mesmo o transporte do paciente cr\u00edtico\u201d, ressalta Maria Silvia.<\/span><\/span><\/span><\/p>\n<p style=\"margin-top: 0cm; margin-right: 0cm; margin-bottom: 0pt; margin-left: 0cm; text-indent: 18pt;\"><span style=\"line-height: 19px;\"><span style=\"font-family: Arial; font-size: small;\"> <\/span><\/span><\/p>\n<p style=\"margin-top: 0cm; margin-right: 0cm; margin-bottom: 0pt; margin-left: 0cm; text-indent: 18pt;\"><span style=\"font-family: Arial;\"><strong><span style=\"font-size: 9pt; line-height: 18px;\">DESENVOLVIMENTO<\/span><\/strong><span style=\"font-size: small;\"><strong><span style=\"line-height: 24px;\"> <\/span><\/strong><span style=\"line-height: 24px;\">\u2013 A capacita\u00e7\u00e3o \u00e9 uma das 19 iniciativas de Filantropia do Hospital S\u00edrio-Liban\u00eas, implementadas em parceria com o Minist\u00e9rio da Sa\u00fade para promover o desenvolvimento do Sistema \u00danico de Sa\u00fade (SUS). O investimento previsto nesses programas \u00e9 de R$ 115 milh\u00f5es em tr\u00eas anos para difundir entre os agentes p\u00fablicos o conhecimento acumulado pelo HSL.<\/span><\/span><\/span><\/p>\n<p style=\"margin-top: 0cm; margin-right: 0cm; margin-bottom: 0pt; margin-left: 0cm; text-indent: 18pt;\"><span style=\"line-height: 19px;\"><span style=\"font-size: small;\"><span style=\"font-family: Arial;\">O HSL inaugurou sua UTI em 1971 e, a partir desse servi\u00e7o, passou a constituir uma rede de cuidados aos pacientes cr\u00edticos. Pioneiro na incorpora\u00e7\u00e3o de tecnologias no campo da assist\u00eancia, o HSL investiu em educa\u00e7\u00e3o e criou, em 2003, o Instituto de Ensino e Pesquisa, considerado um centro de excel\u00eancia tanto na forma\u00e7\u00e3o de acad\u00eamicos quanto na produ\u00e7\u00e3o de conhecimentos.<\/span><\/span><\/span><\/p>\n<p style=\"margin-top: 0cm; margin-right: 0cm; margin-bottom: 0pt; margin-left: 0cm; text-indent: 18pt;\"><span style=\"line-height: 19px;\"><span style=\"font-family: Arial; font-size: small;\"> <\/span><\/span><\/p>\n<table style=\"border-collapse: collapse; border: medium none initial;\" border=\"1\" cellspacing=\"0\" cellpadding=\"0\" align=\"center\">\n<tbody>\n<tr>\n<td style=\"font-family: arial, sans-serif; padding-right: 5.4pt; padding-left: 5.4pt; padding-bottom: 0cm; width: 432.2pt; padding-top: 0cm; background-color: transparent; margin: 0px; border: 1pt solid windowtext;\" width=\"576\" valign=\"top\">\n<p style=\"margin-top: 0cm; margin-right: 0cm; margin-bottom: 0pt; margin-left: 0cm; text-indent: 18pt; text-align: center;\" align=\"center\"><strong><span style=\"line-height: 19px;\"><span style=\"font-family: Arial;\">ESPECIALIZA\u00c7\u00c3O<\/span><\/span><\/strong><\/p>\n<\/td>\n<\/tr>\n<tr>\n<td style=\"font-family: arial, sans-serif; border-right-color: windowtext; border-right-width: 1pt; border-right-style: solid; padding-right: 5.4pt; border-top-color: #eae6dd; border-top-width: initial; border-top-style: initial; padding-left: 5.4pt; padding-bottom: 0cm; border-left-color: windowtext; border-left-width: 1pt; border-left-style: solid; width: 432.2pt; padding-top: 0cm; border-bottom-color: windowtext; border-bottom-width: 1pt; border-bottom-style: solid; background-color: transparent; margin: 0px;\" width=\"576\" valign=\"top\">\n<p style=\"margin-top: 0cm; margin-right: 0cm; margin-bottom: 0pt; margin-left: 0cm; text-indent: 18pt;\"><span style=\"line-height: 19px;\"><span style=\"font-family: Arial;\">O Curso de Especializa\u00e7\u00e3o em Gest\u00e3o do Cuidado ao Paciente Cr\u00edtico nasceu de uma parceria entre o Minist\u00e9rio da Sa\u00fade e os hospitais de excel\u00eancia e servi\u00e7o do SUS, entre eles o Hospital S\u00edrio-Liban\u00eas. Na primeira turma, cada equipe de 25 profissionais ser\u00e1 composta de: cinco m\u00e9dicos intensivistas, cinco m\u00e9dicos anestesiologistas, cinco m\u00e9dicos emergencistas, cinco enfermeiros, e cinco fisioterapeutas. Dentro desse grupo, s\u00e3o dois profissionais do SAMU em cada estado.<\/span><\/span><\/p>\n<p style=\"margin-top: 0cm; margin-right: 0cm; margin-bottom: 0pt; margin-left: 0cm; text-indent: 18pt;\"><span style=\"line-height: 19px;\"><span style=\"font-family: Arial;\">Participantes da primeira etapa:<\/span><\/span><\/p>\n<p style=\"margin-top: 0cm; margin-right: 0cm; margin-bottom: 0pt; margin-left: 0cm; text-indent: 18pt;\"><span style=\"line-height: 19px;\"><span style=\"font-family: Arial;\"> <\/span><\/span><\/p>\n<p style=\"margin-top: 0cm; margin-right: 0cm; margin-bottom: 0pt; margin-left: 0cm; text-indent: 18pt;\"><span style=\"line-height: 19px;\"><span style=\"font-family: Arial;\">1 \u2013\u00a0<strong>Hospital Geral do Estado \u2013 BA<\/strong><\/span><\/span><\/p>\n<p style=\"margin-top: 0cm; margin-right: 0cm; margin-bottom: 0pt; margin-left: 0cm; text-indent: 18pt;\"><span style=\"line-height: 19px;\"><span style=\"font-family: Arial;\">2 \u2013\u00a0<strong>Instituto Dr. Jos\u00e9 Frota Central \u2013 CE<\/strong><\/span><\/span><\/p>\n<p style=\"margin-top: 0cm; margin-right: 0cm; margin-bottom: 0pt; margin-left: 0cm; text-indent: 18pt;\"><span style=\"line-height: 19px;\"><span style=\"font-family: Arial;\">3 \u2013\u00a0<strong>Hospital de Base do DF \u2013 DF<\/strong><\/span><\/span><\/p>\n<p style=\"margin-top: 0cm; margin-right: 0cm; margin-bottom: 0pt; margin-left: 0cm; text-indent: 18pt;\"><span style=\"line-height: 19px;\"><span style=\"font-family: Arial;\">4 \u2013\u00a0<strong>Hospital S\u00e3o Lucas \u2013 ES<\/strong><\/span><\/span><\/p>\n<p style=\"margin-top: 0cm; margin-right: 0cm; margin-bottom: 0pt; margin-left: 0cm; text-indent: 18pt;\"><span style=\"line-height: 19px;\"><span style=\"font-family: Arial;\">5 \u2013\u00a0<strong>Hospital Jo\u00e3o XXI \u2013 MG<\/strong><\/span><\/span><\/p>\n<p style=\"margin-top: 0cm; margin-right: 0cm; margin-bottom: 0pt; margin-left: 0cm; text-indent: 18pt;\"><span style=\"line-height: 19px;\"><span style=\"font-family: Arial;\">6 \u2013\u00a0<strong>Hospital da Restaura\u00e7\u00e3o do Recife \u2013 PE<\/strong><\/span><\/span><\/p>\n<p style=\"margin-top: 0cm; margin-right: 0cm; margin-bottom: 0pt; margin-left: 0cm; text-indent: 18pt;\"><span style=\"line-height: 19px;\"><span style=\"font-family: Arial;\">7 \u2013\u00a0<strong>Hospital Municipal S\u00e3o Jos\u00e9 &#8211; SC<\/strong><\/span><\/span><\/p>\n<p style=\"margin-top: 0cm; margin-right: 0cm; margin-bottom: 0pt; margin-left: 0cm; text-indent: 18pt;\"><span style=\"line-height: 19px;\"><span style=\"font-family: Arial;\">8 \u2013\u00a0<strong>Hospital Governador Jo\u00e3o Alves Filho \u2013 SE<\/strong><\/span><\/span><\/p>\n<p style=\"margin-top: 0cm; margin-right: 0cm; margin-bottom: 0pt; margin-left: 0cm; text-indent: 18pt;\"><span style=\"line-height: 19px;\"><span style=\"font-family: Arial;\">9 \u2013\u00a0<strong>Hospital de Urg\u00eancias de Goi\u00e2nia &#8211; GO<\/strong><\/span><\/span><\/p>\n<\/td>\n<\/tr>\n<\/tbody>\n<\/table>\n","protected":false},"excerpt":{"rendered":"<p>O Hospital S\u00edrio-Liban\u00eas, em parceria com o Minist\u00e9rio da Sa\u00fade, receber\u00e1 os 25 primeiros alunos do Curso de Especializa\u00e7\u00e3o em Gest\u00e3o do Cuidado ao Paciente Cr\u00edtico neste domingo, 28 de julho, em S\u00e3o Paulo. O grupo formado por anestesistas, intensivistas, emergencistas, enfermeiros, fisioterapeutas e profissionais do SAMU 192 de nove estados do Brasil (veja quadro [&hellip;]<\/p>\n","protected":false},"author":2,"featured_media":0,"comment_status":"open","ping_status":"open","sticky":false,"template":"","format":"standard","meta":{"tdm_status":"","tdm_grid_status":"","footnotes":""},"categories":[5],"tags":[],"class_list":{"0":"post-3877","1":"post","2":"type-post","3":"status-publish","4":"format-standard","6":"category-saude-e-vida"},"_links":{"self":[{"href":"https:\/\/migracao.redenoticia.com.br\/noticia\/wp-json\/wp\/v2\/posts\/3877","targetHints":{"allow":["GET"]}}],"collection":[{"href":"https:\/\/migracao.redenoticia.com.br\/noticia\/wp-json\/wp\/v2\/posts"}],"about":[{"href":"https:\/\/migracao.redenoticia.com.br\/noticia\/wp-json\/wp\/v2\/types\/post"}],"author":[{"embeddable":true,"href":"https:\/\/migracao.redenoticia.com.br\/noticia\/wp-json\/wp\/v2\/users\/2"}],"replies":[{"embeddable":true,"href":"https:\/\/migracao.redenoticia.com.br\/noticia\/wp-json\/wp\/v2\/comments?post=3877"}],"version-history":[{"count":0,"href":"https:\/\/migracao.redenoticia.com.br\/noticia\/wp-json\/wp\/v2\/posts\/3877\/revisions"}],"wp:attachment":[{"href":"https:\/\/migracao.redenoticia.com.br\/noticia\/wp-json\/wp\/v2\/media?parent=3877"}],"wp:term":[{"taxonomy":"category","embeddable":true,"href":"https:\/\/migracao.redenoticia.com.br\/noticia\/wp-json\/wp\/v2\/categories?post=3877"},{"taxonomy":"post_tag","embeddable":true,"href":"https:\/\/migracao.redenoticia.com.br\/noticia\/wp-json\/wp\/v2\/tags?post=3877"}],"curies":[{"name":"wp","href":"https:\/\/api.w.org\/{rel}","templated":true}]}}