{"id":38787,"date":"2012-04-17T14:25:08","date_gmt":"2012-04-17T17:25:08","guid":{"rendered":"http:\/\/www.redenoticia.com.br\/noticia\/?p=38787"},"modified":"2012-04-17T14:25:08","modified_gmt":"2012-04-17T17:25:08","slug":"previsao-de-seca-no-norte-de-mg-e-no-nordeste","status":"publish","type":"post","link":"https:\/\/migracao.redenoticia.com.br\/noticia\/2012\/previsao-de-seca-no-norte-de-mg-e-no-nordeste\/38787","title":{"rendered":"Previs\u00e3o de seca no norte de MG e no Nordeste"},"content":{"rendered":"<p><em><strong><img loading=\"lazy\" decoding=\"async\" class=\"alignleft size-full wp-image-28410\" title=\"previsao do tempo temperatura\" src=\"https:\/\/migracao.redenoticia.com.br\/noticia\/imagens\/previsao-do-tempo-temperatura.jpg\" alt=\"\" width=\"300\" height=\"193\" srcset=\"https:\/\/migracao.redenoticia.com.br\/noticia\/imagens\/previsao-do-tempo-temperatura.jpg 300w, https:\/\/migracao.redenoticia.com.br\/noticia\/imagens\/previsao-do-tempo-temperatura-250x160.jpg 250w, https:\/\/migracao.redenoticia.com.br\/noticia\/imagens\/previsao-do-tempo-temperatura-150x96.jpg 150w\" sizes=\"auto, (max-width: 300px) 100vw, 300px\" \/>Previs\u00e3o do tempo<\/strong><\/em> &#8211; apesar do avan\u00e7o de uma frente fria pelo Sudeste, a \u00e1gua do mar mais fria que o normal faz com que o sistema perca for\u00e7a e n\u00e3o consiga organizar a umidade da Amaz\u00f4nia. De acordo com os meteorologistas da Somar, apenas em parte do cerrado mineiro nuvens mais carregadas s\u00e3o observadas neste in\u00edcio de ter\u00e7a-feira.<\/p>\n<p>&#8220;A persist\u00eancia desta \u00e1gua do Atl\u00e2ntico mais fria que o normal \u00e9 um dos motivos para a falta de chuva entre o norte de Minas Gerais e o Nordeste. Al\u00e9m das frentes frias, outros sistemas meteorol\u00f3gicos, como a Zona de Converg\u00eancia Intertropical n\u00e3o provocaram chuvas fortes como de costume&#8221;, afirma o meteorologista Celso Oliveira.<\/p>\n<p>Na regi\u00e3o de Janapuba, norte de Minas Gerais, algumas barragens est\u00e3o com apenas 20% da capacidade, lembrando que a regi\u00e3o mal entrou em seu per\u00edodo mais seco. A tend\u00eancia \u00e9 de que n\u00e3o chova forte at\u00e9 pelo menos o m\u00eas de setembro. Portanto, a situa\u00e7\u00e3o \u00e9 cr\u00edtica. De acordo com o Instituto Nacional de Meteorologia, em Espinosa, um dos munic\u00edpios da regi\u00e3o de Jana\u00faba, choveu menos de 450mm entre outubro do ano passado e abril deste ano. O normal seriam pelo menos 750mm.<\/p>\n<p>No Cear\u00e1, a Conab prev\u00ea redu\u00e7\u00e3o de 37% na produ\u00e7\u00e3o de milho. Na regi\u00e3o de Baturit\u00e9, no norte do Cear\u00e1, a esta\u00e7\u00e3o meteorol\u00f3gica de Guaramiranga n\u00e3o registra chuva agr\u00edcola (pelo menos 10mm em 24 horas) desde o fim do m\u00eas passado.<\/p>\n<p>No norte do Piau\u00ed, regi\u00e3o de Campo Maior, a safra tamb\u00e9m est\u00e1 bastante comprometida. Muitos produtores acreditam que a seca deste ano esteja muito semelhante \u00e0 de 1983, quando houve um dos maiores fen\u00f4menos El Ni\u00f1o das \u00faltimas d\u00e9cadas. Desde o in\u00edcio do ano, choveu aproximadamente 350mm, quando o normal seriam pelo menos 600mm.<\/p>\n","protected":false},"excerpt":{"rendered":"<p>Previs\u00e3o do tempo &#8211; apesar do avan\u00e7o de uma frente fria pelo Sudeste, a \u00e1gua do mar mais fria que o normal faz com que o sistema perca for\u00e7a e n\u00e3o consiga organizar a umidade da Amaz\u00f4nia. De acordo com os meteorologistas da Somar, apenas em parte do cerrado mineiro nuvens mais carregadas s\u00e3o observadas [&hellip;]<\/p>\n","protected":false},"author":3,"featured_media":28410,"comment_status":"open","ping_status":"closed","sticky":false,"template":"","format":"standard","meta":{"tdm_status":"","tdm_grid_status":"","footnotes":""},"categories":[22,327,376],"tags":[],"class_list":{"0":"post-38787","1":"post","2":"type-post","3":"status-publish","4":"format-standard","5":"has-post-thumbnail","7":"category-brasil","8":"category-clima","9":"category-clima-brasil"},"_links":{"self":[{"href":"https:\/\/migracao.redenoticia.com.br\/noticia\/wp-json\/wp\/v2\/posts\/38787","targetHints":{"allow":["GET"]}}],"collection":[{"href":"https:\/\/migracao.redenoticia.com.br\/noticia\/wp-json\/wp\/v2\/posts"}],"about":[{"href":"https:\/\/migracao.redenoticia.com.br\/noticia\/wp-json\/wp\/v2\/types\/post"}],"author":[{"embeddable":true,"href":"https:\/\/migracao.redenoticia.com.br\/noticia\/wp-json\/wp\/v2\/users\/3"}],"replies":[{"embeddable":true,"href":"https:\/\/migracao.redenoticia.com.br\/noticia\/wp-json\/wp\/v2\/comments?post=38787"}],"version-history":[{"count":0,"href":"https:\/\/migracao.redenoticia.com.br\/noticia\/wp-json\/wp\/v2\/posts\/38787\/revisions"}],"wp:featuredmedia":[{"embeddable":true,"href":"https:\/\/migracao.redenoticia.com.br\/noticia\/wp-json\/wp\/v2\/media\/28410"}],"wp:attachment":[{"href":"https:\/\/migracao.redenoticia.com.br\/noticia\/wp-json\/wp\/v2\/media?parent=38787"}],"wp:term":[{"taxonomy":"category","embeddable":true,"href":"https:\/\/migracao.redenoticia.com.br\/noticia\/wp-json\/wp\/v2\/categories?post=38787"},{"taxonomy":"post_tag","embeddable":true,"href":"https:\/\/migracao.redenoticia.com.br\/noticia\/wp-json\/wp\/v2\/tags?post=38787"}],"curies":[{"name":"wp","href":"https:\/\/api.w.org\/{rel}","templated":true}]}}