{"id":3883,"date":"2009-06-26T13:29:02","date_gmt":"2009-06-26T17:29:02","guid":{"rendered":"http:\/\/www.redenoticia.com.br\/noticia\/?p=3883"},"modified":"2009-06-26T13:29:02","modified_gmt":"2009-06-26T17:29:02","slug":"prefeitura-de-porto-velho-faz-reuniao-com-desabrigados-pela-hidroeletrica-de-jirau","status":"publish","type":"post","link":"https:\/\/migracao.redenoticia.com.br\/noticia\/2009\/prefeitura-de-porto-velho-faz-reuniao-com-desabrigados-pela-hidroeletrica-de-jirau\/3883","title":{"rendered":"Prefeitura de Porto Velho faz reuni\u00e3o com desabrigados pela hidroel\u00e9trica de Jirau"},"content":{"rendered":"<p align=\"justify\"><span style=\"font-family: 'Times New Roman'; font-size: medium;\">Uma reuni\u00e3o que durou toda a tarde de quinta-feira (25) serviu para reduzir a apreens\u00e3o dos moradores de Mutum-Paran\u00e1, distrito localizado a 160 quil\u00f4metros de Porto Velho, que ser\u00e1 parcialmente alagado com a constru\u00e7\u00e3o da hidrel\u00e9trica de Jirau, o que obrigar\u00e1 a transfer\u00eancia dos moradores para outra localidade.<\/span><\/p>\n<p align=\"justify\"><span style=\"font-family: 'Times New Roman'; font-size: medium;\">A reuni\u00e3o foi promovida pelo prefeito Roberto Sobrinho. Para os esclarecimentos, ele levou o secret\u00e1rio de Programas Especiais, Pedro Beber, respons\u00e1vel pelas a\u00e7\u00f5es das compensa\u00e7\u00f5es ambientais das concession\u00e1rias Santo Antonio Energia (Saesa) e Energia Sustent\u00e1vel do Brasil (ESBR) e os gerentes da ESBR, Marcos Forini, respons\u00e1vel pelas negocia\u00e7\u00f5es com os moradores e \u00c9lio Batistelo.<\/span><\/p>\n<p align=\"justify\"><span style=\"font-family: 'Times New Roman'; font-size: medium;\">Na oportunidade o prefeito pediu aos moradores expusessem todas suas d\u00favidas com rela\u00e7\u00e3o \u00e0 mudan\u00e7a. Forini explicou que s\u00e3o basicamente quatro as alternativas oferecidas aos moradores, mas que alguns casos ser\u00e3o discutidos separadamente.<\/span><\/p>\n<p align=\"justify\"><span style=\"font-family: 'Times New Roman'; font-size: medium;\">A primeira op\u00e7\u00e3o \u00e9 a transfer\u00eancia para a nova vila que est\u00e1 sendo constru\u00edda pr\u00f3xima ao canteiro de obras da Jirau, a 15km de Jacy-Paran\u00e1 e a 60 de Mutum; a segunda \u00e9 a indeniza\u00e7\u00e3o de quem n\u00e3o quiser morar na nova vila; a terceira, para os ribeirinhos do rio Mutum, que n\u00e3o abrem m\u00e3o de seus costumes e cultura, que sobrevivem em fun\u00e7\u00e3o rio, \u00e9 a possibilidade de instala-los as margens do rio Jacy e, por fim, para os moradores da \u00e1rea rural que n\u00e3o est\u00e3o adaptados ao conv\u00edvio em \u00e1reas urbanas nem pretendem mudar seus h\u00e1bitos, haver\u00e1 tamb\u00e9m um assentamento rural.<\/span><\/p>\n<p align=\"justify\"><span style=\"font-family: 'Times New Roman'; font-size: medium;\">Infraestrutura<\/span><\/p>\n<p align=\"justify\"><span style=\"font-family: 'Times New Roman'; font-size: medium;\">Detalhes como localiza\u00e7\u00e3o, tamanho das casas e com\u00e9rcio, dentre outros, segundo Forini ser\u00e3o tratados caso a caso. O representante da ESBR disse ainda que os moradores que se transferirem para a nova vila receber\u00e3o uma ajuda de custo, cujo valor ainda n\u00e3o foi definido, pelo per\u00edodo de um ano, at\u00e9 que consigam emprego e retomem o ritmo normal de suas vidas.<\/span><\/p>\n<p align=\"justify\"><span style=\"font-family: 'Times New Roman'; font-size: medium;\">A nova vila ter\u00e1 1.600 casas, sendo 400 para os moradores de Mutum-Paran\u00e1 e o restante para trabalhadores do canteiro de obras de Jirau. A vila ter\u00e1 infraestrutura completa com redes de \u00e1gua tratada, esgoto, drenagem, asfalto, cal\u00e7adas, meio-fio, luz el\u00e9trica confi\u00e1vel 24 horas \u2013 no distrito atual os apag\u00f5es acontecem diariamente \u2013 escolas, posto de sa\u00fade, com\u00e9rcio, telefone e internet gr\u00e1tis.<\/span><\/p>\n<p align=\"justify\"><span style=\"font-family: 'Times New Roman'; font-size: medium;\">Produ\u00e7\u00e3o<\/span><\/p>\n<p align=\"justify\"><span style=\"font-family: 'Times New Roman'; font-size: medium;\">O prefeito Roberto Sobrinho cobrou dos representantes da ESBR alternativas de produ\u00e7\u00e3o para os moradores da nova vila, e sugeriu que, potr meio das compensa\u00e7\u00f5es ambientais, implante um programa de piscicultura no local. O secret\u00e1rio Pedro Beber ficou que negociar com a ESBR a forma como o programa pode ser viabilizado, vez que h\u00e1 grande dificuldade de comprar peixe em quantidade suficiente para ser mantido no card\u00e1pio dos trabalhadores. O prefeito foi informado de que o peixe consumido no canteiro de obras est\u00e1 sendo comprado em Ariquemes.<\/span><\/p>\n","protected":false},"excerpt":{"rendered":"<p>Uma reuni\u00e3o que durou toda a tarde de quinta-feira (25) serviu para reduzir a apreens\u00e3o dos moradores de Mutum-Paran\u00e1, distrito localizado a 160 quil\u00f4metros de Porto Velho, que ser\u00e1 parcialmente alagado com a constru\u00e7\u00e3o da hidrel\u00e9trica de Jirau, o que obrigar\u00e1 a transfer\u00eancia dos moradores para outra localidade. A reuni\u00e3o foi promovida pelo prefeito Roberto [&hellip;]<\/p>\n","protected":false},"author":2,"featured_media":0,"comment_status":"open","ping_status":"open","sticky":false,"template":"","format":"standard","meta":{"tdm_status":"","tdm_grid_status":"","footnotes":""},"categories":[22],"tags":[],"class_list":{"0":"post-3883","1":"post","2":"type-post","3":"status-publish","4":"format-standard","6":"category-brasil"},"_links":{"self":[{"href":"https:\/\/migracao.redenoticia.com.br\/noticia\/wp-json\/wp\/v2\/posts\/3883","targetHints":{"allow":["GET"]}}],"collection":[{"href":"https:\/\/migracao.redenoticia.com.br\/noticia\/wp-json\/wp\/v2\/posts"}],"about":[{"href":"https:\/\/migracao.redenoticia.com.br\/noticia\/wp-json\/wp\/v2\/types\/post"}],"author":[{"embeddable":true,"href":"https:\/\/migracao.redenoticia.com.br\/noticia\/wp-json\/wp\/v2\/users\/2"}],"replies":[{"embeddable":true,"href":"https:\/\/migracao.redenoticia.com.br\/noticia\/wp-json\/wp\/v2\/comments?post=3883"}],"version-history":[{"count":0,"href":"https:\/\/migracao.redenoticia.com.br\/noticia\/wp-json\/wp\/v2\/posts\/3883\/revisions"}],"wp:attachment":[{"href":"https:\/\/migracao.redenoticia.com.br\/noticia\/wp-json\/wp\/v2\/media?parent=3883"}],"wp:term":[{"taxonomy":"category","embeddable":true,"href":"https:\/\/migracao.redenoticia.com.br\/noticia\/wp-json\/wp\/v2\/categories?post=3883"},{"taxonomy":"post_tag","embeddable":true,"href":"https:\/\/migracao.redenoticia.com.br\/noticia\/wp-json\/wp\/v2\/tags?post=3883"}],"curies":[{"name":"wp","href":"https:\/\/api.w.org\/{rel}","templated":true}]}}