{"id":38870,"date":"2012-04-24T10:30:34","date_gmt":"2012-04-24T13:30:34","guid":{"rendered":"http:\/\/www.redenoticia.com.br\/noticia\/?p=38870"},"modified":"2012-04-24T12:32:30","modified_gmt":"2012-04-24T15:32:30","slug":"plano-nacional-do-livro-e-leitura","status":"publish","type":"post","link":"https:\/\/migracao.redenoticia.com.br\/noticia\/2012\/plano-nacional-do-livro-e-leitura\/38870","title":{"rendered":"Plano Nacional do Livro e Leitura"},"content":{"rendered":"<p><img loading=\"lazy\" decoding=\"async\" class=\"alignleft size-full wp-image-34821\" title=\"livro\" src=\"https:\/\/migracao.redenoticia.com.br\/noticia\/imagens\/livro1.jpg\" alt=\"\" width=\"300\" height=\"193\" srcset=\"https:\/\/migracao.redenoticia.com.br\/noticia\/imagens\/livro1.jpg 300w, https:\/\/migracao.redenoticia.com.br\/noticia\/imagens\/livro1-250x160.jpg 250w, https:\/\/migracao.redenoticia.com.br\/noticia\/imagens\/livro1-150x96.jpg 150w\" sizes=\"auto, (max-width: 300px) 100vw, 300px\" \/>A Funda\u00e7\u00e3o Biblioteca Nacional (FBN) coordenar\u00e1 o investimento de R$ 373 milh\u00f5es (veja tabela) nas 42 a\u00e7\u00f5es do <em><strong>Plano Nacional do Livro e Leitura<\/strong><\/em> (PNLL &#8211; 2012). O PNLL foi anunciado nessa segunda-feira (23), data em que se comemora o Dia Mundial do Livro e dos Direitos do Autor.<\/p>\n<p>Os programas de constru\u00e7\u00e3o e moderniza\u00e7\u00e3o de bibliotecas s\u00e3o a prioridade do Minist\u00e9rio da Cultura (MinC), com a maior parte do or\u00e7amento previsto: R$ 254 milh\u00f5es para novas bibliotecas com telecentros nas Pra\u00e7as dos Esportes e da Cultura (PEC), para constru\u00e7\u00e3o e reforma de bibliotecas-parque e de refer\u00eancia.<\/p>\n<p>Haver\u00e1 ainda apoio \u00e0s iniciativas comunit\u00e1rias e pontos de leitura, e a revitaliza\u00e7\u00e3o das redes municipais. Os recursos ir\u00e3o tamb\u00e9m para amplia\u00e7\u00e3o de acervos e forma\u00e7\u00e3o de bibliotec\u00e1rios e funcion\u00e1rios de 2,7 mil bibliotecas municipais e comunit\u00e1rias de 1,5 mil munic\u00edpios em todos os estados. \u201cNecessitamos de um ex\u00e9rcito de mediadores de leitura, que dentro das bibliotecas e nos mais variados espa\u00e7os ajudem sobretudo crian\u00e7as e jovens a descobrirem a necessidade humana do prazer da leitura\u201d, destacou a ministra da Cultura, Ana de Hollanda.<\/p>\n<p>Feiras &#8211; Outra medida anunciada foi a amplia\u00e7\u00e3o do calend\u00e1rio nacional de feiras de livro e festivais liter\u00e1rios para 200 eventos em 2012, a maior parte deles com apoio financeiro do MinC, e apoio direto a 175 caravanas de escritores pelo Pa\u00eds.<\/p>\n<p>Entre as novidades anunciadas est\u00e1 a publica\u00e7\u00e3o de editais espec\u00edficos para contemplar as regi\u00f5es Norte, Nordeste e Centro-Oeste, onde os \u00edndices de leitura s\u00e3o menores, e a transfer\u00eancia de 30% a mais de recursos para os estados da Amaz\u00f4nia Legal. \u201cN\u00e3o ser\u00e1 uma a\u00e7\u00e3o isolada que far\u00e1 aumentar os \u00edndices de leitura no Brasil, mas sim um conjunto delas, de forma planejada, permanente e, sobretudo, crescente\u201d, explica o presidente da Funda\u00e7\u00e3o Biblioteca Nacional, Galeno Amorim.<\/p>\n<p>Entre essas iniciativas complementares est\u00e3o previstos 700 pontos de venda de livros de baixo pre\u00e7o (Livraria Popular) e a forma\u00e7\u00e3o de 1,3 mil micros e pequenos varejistas do livro em cursos de educa\u00e7\u00e3o \u00e0 dist\u00e2ncia.<\/p>\n<p>A Biblioteca Nacional e a Funda\u00e7\u00e3o Nacional de Artes (Funarte) oferecer\u00e3o 50 bolsas para apoiar a cria\u00e7\u00e3o liter\u00e1ria e a circula\u00e7\u00e3o dos escritores das diversas regi\u00f5es do Pa\u00eds pelo territ\u00f3rio nacional. E o Programa de Internacionaliza\u00e7\u00e3o do Livro e da Literatura Brasileira ter\u00e1 mais bolsas concedidas (150 novas em 2012, al\u00e9m de outras 70 em andamento).<\/p>\n<p>O plano prev\u00ea a cria\u00e7\u00e3o do Col\u00e9gio de Tradutores, com seis residentes e 160 participantes de atividades. Haver\u00e1 tamb\u00e9m o apoio a 40 autores nacionais no exterior para divulgar suas obras e a publica\u00e7\u00e3o de uma revista internacional de literatura brasileira em ingl\u00eas e espanhol.<br \/>\nRede de mediadores de leitura ser\u00e1 ampliada<\/p>\n<p>O Programa Agentes de Leitura ter\u00e1 quatro mil vagas, junto com o Minist\u00e9rio da Educa\u00e7\u00e3o, para apoiar as bibliotecas escolares e comunit\u00e1rias e a fomentar a leitura entre as fam\u00edlias no campo. Com os novos conv\u00eanios e desembolsos, ser\u00e3o, no total, 7.672 agentes atuando em 2012.<\/p>\n<p>Outra a\u00e7\u00e3o ser\u00e1 a forma\u00e7\u00e3o de 1,2 mil novos agentes mediadores de leitura em 40 encontros realizados pelos 74 comit\u00eas do Programa Nacional de Incentivo \u00e0 Leitura (Proler) e, ainda, a implanta\u00e7\u00e3o de dez novos comit\u00eas em regi\u00f5es ainda desassistidas. Como parte do Projeto Cidadania &amp; Leitura, haver\u00e1 a forma\u00e7\u00e3o de 400 agentes mediadores para atuar em bibliotecas comunit\u00e1rias, pontos de leitura e promover em a\u00e7\u00f5es de leitura em comunidades atendidas por 20 comit\u00eas do Proler, dentro das comemora\u00e7\u00f5es de seus 20 anos de funda\u00e7\u00e3o;<\/p>\n<p>Ser\u00e3o criados 30 pontos de leitura da Ancestralidade Africana em ex-quilombos e terreiros, mediante repasse de recursos financeiros e distribui\u00e7\u00e3o de acervos, mobili\u00e1rios e computadores.<\/p>\n","protected":false},"excerpt":{"rendered":"<p>A Funda\u00e7\u00e3o Biblioteca Nacional (FBN) coordenar\u00e1 o investimento de R$ 373 milh\u00f5es (veja tabela) nas 42 a\u00e7\u00f5es do Plano Nacional do Livro e Leitura (PNLL &#8211; 2012). O PNLL foi anunciado nessa segunda-feira (23), data em que se comemora o Dia Mundial do Livro e dos Direitos do Autor. Os programas de constru\u00e7\u00e3o e moderniza\u00e7\u00e3o [&hellip;]<\/p>\n","protected":false},"author":3,"featured_media":34821,"comment_status":"open","ping_status":"closed","sticky":false,"template":"","format":"standard","meta":{"tdm_status":"","tdm_grid_status":"","footnotes":""},"categories":[22],"tags":[],"class_list":{"0":"post-38870","1":"post","2":"type-post","3":"status-publish","4":"format-standard","5":"has-post-thumbnail","7":"category-brasil"},"_links":{"self":[{"href":"https:\/\/migracao.redenoticia.com.br\/noticia\/wp-json\/wp\/v2\/posts\/38870","targetHints":{"allow":["GET"]}}],"collection":[{"href":"https:\/\/migracao.redenoticia.com.br\/noticia\/wp-json\/wp\/v2\/posts"}],"about":[{"href":"https:\/\/migracao.redenoticia.com.br\/noticia\/wp-json\/wp\/v2\/types\/post"}],"author":[{"embeddable":true,"href":"https:\/\/migracao.redenoticia.com.br\/noticia\/wp-json\/wp\/v2\/users\/3"}],"replies":[{"embeddable":true,"href":"https:\/\/migracao.redenoticia.com.br\/noticia\/wp-json\/wp\/v2\/comments?post=38870"}],"version-history":[{"count":0,"href":"https:\/\/migracao.redenoticia.com.br\/noticia\/wp-json\/wp\/v2\/posts\/38870\/revisions"}],"wp:featuredmedia":[{"embeddable":true,"href":"https:\/\/migracao.redenoticia.com.br\/noticia\/wp-json\/wp\/v2\/media\/34821"}],"wp:attachment":[{"href":"https:\/\/migracao.redenoticia.com.br\/noticia\/wp-json\/wp\/v2\/media?parent=38870"}],"wp:term":[{"taxonomy":"category","embeddable":true,"href":"https:\/\/migracao.redenoticia.com.br\/noticia\/wp-json\/wp\/v2\/categories?post=38870"},{"taxonomy":"post_tag","embeddable":true,"href":"https:\/\/migracao.redenoticia.com.br\/noticia\/wp-json\/wp\/v2\/tags?post=38870"}],"curies":[{"name":"wp","href":"https:\/\/api.w.org\/{rel}","templated":true}]}}