{"id":38877,"date":"2012-04-25T10:42:36","date_gmt":"2012-04-25T13:42:36","guid":{"rendered":"http:\/\/www.redenoticia.com.br\/noticia\/?p=38877"},"modified":"2012-04-27T16:35:09","modified_gmt":"2012-04-27T19:35:09","slug":"unicamp-recebe-pedidos-de-isencao-da-taxa-do-vestibular","status":"publish","type":"post","link":"https:\/\/migracao.redenoticia.com.br\/noticia\/2012\/unicamp-recebe-pedidos-de-isencao-da-taxa-do-vestibular\/38877","title":{"rendered":"Unicamp recebe pedidos de isen\u00e7\u00e3o da taxa do vestibular"},"content":{"rendered":"<p><img loading=\"lazy\" decoding=\"async\" class=\"alignleft size-full wp-image-17434\" title=\"Vestibular Unicamp 2013\" src=\"https:\/\/migracao.redenoticia.com.br\/noticia\/imagens\/Vestibular-Unicamp-2010.jpg\" alt=\"\" width=\"300\" height=\"193\" srcset=\"https:\/\/migracao.redenoticia.com.br\/noticia\/imagens\/Vestibular-Unicamp-2010.jpg 300w, https:\/\/migracao.redenoticia.com.br\/noticia\/imagens\/Vestibular-Unicamp-2010-250x160.jpg 250w, https:\/\/migracao.redenoticia.com.br\/noticia\/imagens\/Vestibular-Unicamp-2010-150x96.jpg 150w\" sizes=\"auto, (max-width: 300px) 100vw, 300px\" \/>A Comiss\u00e3o Permanente para os Vestibulares da Unicamp (Comvest) j\u00e1 come\u00e7ou a receber os pedidos de isen\u00e7\u00e3o da taxa de inscri\u00e7\u00e3o do <em><strong>Vestibular Unicamp 2013<\/strong><\/em>. Os interessados t\u00eam at\u00e9 dia 31 de maio para fazer a inscri\u00e7\u00e3o no Programa de Isen\u00e7\u00e3o da Taxa de Inscri\u00e7\u00e3o, por meio do preenchimento de formul\u00e1rio espec\u00edfico dispon\u00edvel exclusivamente na\u00a0<a href=\"http:\/\/www.comvest.unicamp.br\/vest2013\/isencao\/inscricao.html\" target=\"_blank\">p\u00e1gina da Comvest<\/a>.<\/p>\n<p>As isen\u00e7\u00f5es da taxa de inscri\u00e7\u00e3o do Vestibular da Unicamp s\u00e3o oferecidas nas seguintes modalidades: para candidatos provenientes de fam\u00edlia de baixa renda (renda l\u00edquida m\u00e1xima de R$ 700 por morador do domic\u00edlio); funcion\u00e1rios da Unicamp\/Funcamp; para aqueles que se candidatarem aos cursos de Licenciatura em per\u00edodo noturno (Ci\u00eancias Biol\u00f3gicas, F\u00edsica, Letras, Licenciatura Integrada Qu\u00edmica\/F\u00edsica, Matem\u00e1tica e Pedagogia).<\/p>\n<p>Os pr\u00e9-requisitos para todas as modalidades s\u00e3o: ter cursado da 5\u00aa a 8\u00aa s\u00e9rie (ou 6\u00ba ao 9\u00ba ano) do ensino fundamental e o ensino m\u00e9dio integralmente em institui\u00e7\u00f5es da rede p\u00fablica de educa\u00e7\u00e3o; ser residente e domiciliado no Estado de S\u00e3o Paulo e j\u00e1 ter conclu\u00eddo ou concluir em 2012 o ensino m\u00e9dio. A lista dos estudantes contemplados com a isen\u00e7\u00e3o ser\u00e1 divulgada dia 17 de agosto.<\/p>\n<p>Calend\u00e1rio<\/p>\n<p>As inscri\u00e7\u00f5es para o Vestibular Unicamp 2013 ser\u00e3o feitas entre 20 de agosto e 14 de setembro, exclusivamente pela internet, no\u00a0<a href=\"http:\/\/www.comvest.unicamp.br\/index.html\">site da Comvest<\/a>. A primeira fase ser\u00e1 realizada em 11 de novembro de 2012 e a segunda fase, nos dias 13, 14 e 15 de janeiro de 2013. As provas de Habilidades Espec\u00edficas ser\u00e3o realizadas entre os dias 21 e 24 de janeiro de 2013. A primeira chamada ser\u00e1 divulgada dia 4 de fevereiro de 2013.<\/p>\n<p>Do Portal do Governo do Estado<\/p>\n","protected":false},"excerpt":{"rendered":"<p>A Comiss\u00e3o Permanente para os Vestibulares da Unicamp (Comvest) j\u00e1 come\u00e7ou a receber os pedidos de isen\u00e7\u00e3o da taxa de inscri\u00e7\u00e3o do Vestibular Unicamp 2013. Os interessados t\u00eam at\u00e9 dia 31 de maio para fazer a inscri\u00e7\u00e3o no Programa de Isen\u00e7\u00e3o da Taxa de Inscri\u00e7\u00e3o, por meio do preenchimento de formul\u00e1rio espec\u00edfico dispon\u00edvel exclusivamente na\u00a0p\u00e1gina [&hellip;]<\/p>\n","protected":false},"author":3,"featured_media":17434,"comment_status":"open","ping_status":"closed","sticky":false,"template":"","format":"standard","meta":{"tdm_status":"","tdm_grid_status":"","footnotes":""},"categories":[22,370,295],"tags":[],"class_list":{"0":"post-38877","1":"post","2":"type-post","3":"status-publish","4":"format-standard","5":"has-post-thumbnail","7":"category-brasil","8":"category-inscricao","9":"category-vestibular"},"_links":{"self":[{"href":"https:\/\/migracao.redenoticia.com.br\/noticia\/wp-json\/wp\/v2\/posts\/38877","targetHints":{"allow":["GET"]}}],"collection":[{"href":"https:\/\/migracao.redenoticia.com.br\/noticia\/wp-json\/wp\/v2\/posts"}],"about":[{"href":"https:\/\/migracao.redenoticia.com.br\/noticia\/wp-json\/wp\/v2\/types\/post"}],"author":[{"embeddable":true,"href":"https:\/\/migracao.redenoticia.com.br\/noticia\/wp-json\/wp\/v2\/users\/3"}],"replies":[{"embeddable":true,"href":"https:\/\/migracao.redenoticia.com.br\/noticia\/wp-json\/wp\/v2\/comments?post=38877"}],"version-history":[{"count":0,"href":"https:\/\/migracao.redenoticia.com.br\/noticia\/wp-json\/wp\/v2\/posts\/38877\/revisions"}],"wp:featuredmedia":[{"embeddable":true,"href":"https:\/\/migracao.redenoticia.com.br\/noticia\/wp-json\/wp\/v2\/media\/17434"}],"wp:attachment":[{"href":"https:\/\/migracao.redenoticia.com.br\/noticia\/wp-json\/wp\/v2\/media?parent=38877"}],"wp:term":[{"taxonomy":"category","embeddable":true,"href":"https:\/\/migracao.redenoticia.com.br\/noticia\/wp-json\/wp\/v2\/categories?post=38877"},{"taxonomy":"post_tag","embeddable":true,"href":"https:\/\/migracao.redenoticia.com.br\/noticia\/wp-json\/wp\/v2\/tags?post=38877"}],"curies":[{"name":"wp","href":"https:\/\/api.w.org\/{rel}","templated":true}]}}