{"id":38880,"date":"2012-04-25T11:06:49","date_gmt":"2012-04-25T14:06:49","guid":{"rendered":"http:\/\/www.redenoticia.com.br\/noticia\/?p=38880"},"modified":"2012-04-25T11:06:49","modified_gmt":"2012-04-25T14:06:49","slug":"canada-recebera-12-mil-bolsistas-do-ciencia-sem-fronteiras","status":"publish","type":"post","link":"https:\/\/migracao.redenoticia.com.br\/noticia\/2012\/canada-recebera-12-mil-bolsistas-do-ciencia-sem-fronteiras\/38880","title":{"rendered":"Canad\u00e1 receber\u00e1 12 mil bolsistas do Ci\u00eancia sem Fronteiras"},"content":{"rendered":"<p><img loading=\"lazy\" decoding=\"async\" class=\"alignleft size-full wp-image-34767\" title=\"bolsa de estudo\" src=\"https:\/\/migracao.redenoticia.com.br\/noticia\/imagens\/bolsa-de-estudo.jpg\" alt=\"\" width=\"300\" height=\"193\" srcset=\"https:\/\/migracao.redenoticia.com.br\/noticia\/imagens\/bolsa-de-estudo.jpg 300w, https:\/\/migracao.redenoticia.com.br\/noticia\/imagens\/bolsa-de-estudo-250x160.jpg 250w, https:\/\/migracao.redenoticia.com.br\/noticia\/imagens\/bolsa-de-estudo-150x96.jpg 150w\" sizes=\"auto, (max-width: 300px) 100vw, 300px\" \/>O <em><strong>Canad\u00e1 receber\u00e1 12 mil bolsistas do Programa Ci\u00eancia sem Fronteiras<\/strong><\/em>. As bolsas s\u00e3o para cursos de gradua\u00e7\u00e3o, doutorado e p\u00f3s-doutorado. O an\u00fancio da parceria foi feito pela presidenta da Rep\u00fablica, Dilma Rousseff, e pelo governador-geral daquele pa\u00eds, David Johnston, na tarde desta ter\u00e7a-feira, 24, no Pal\u00e1cio do Planalto.<\/p>\n<p>O Canad\u00e1 \u00e9 hoje o pa\u00eds mais procurado por jovens brasileiros que pretendem aperfei\u00e7oar a l\u00edngua inglesa e o segundo, atr\u00e1s apenas da Fran\u00e7a, para aqueles que buscam o franc\u00eas como segundo idioma. Com a nova parceria, o Canad\u00e1 passa a ser o pa\u00eds que receber\u00e1, individualmente, mais bolsistas.<\/p>\n<p>Ao anunciar as vagas para bolsistas, David Johnston reconheceu a import\u00e2ncia do programa Ci\u00eancia sem Fronteiras para o crescimento do pa\u00eds. \u201cEstou realmente impressionado com o seu Ci\u00eancia sem Fronteiras, porque educa\u00e7\u00e3o, inova\u00e7\u00e3o e desenvolvimento o s\u00e3o os pilares da sociedade\u201d, disse o governador-geral.<\/p>\n<p>O acordo com os canadenses, al\u00e9m de promover a forma\u00e7\u00e3o de cientistas, tamb\u00e9m oferecer\u00e1 aos estudantes a oportunidade de se integrarem em est\u00e1gios em empresas e laborat\u00f3rios canadenses.<\/p>\n<p>Dilma destacou tamb\u00e9m a parceria do Canad\u00e1 na composi\u00e7\u00e3o do programa Mulheres Mil, que atende mulheres em situa\u00e7\u00e3o de vulnerabilidade social por meio da forma\u00e7\u00e3o profissional aliada \u00e0 eleva\u00e7\u00e3o de escolaridade. O modelo se baseia na experi\u00eancia canadense. \u201cO Canad\u00e1 \u00e9 um parceiro que nos fornece a tecnologia de um programa que n\u00f3s consideramos muito importante, o Mulheres Mil. Esse projeto de forma\u00e7\u00e3o e capacita\u00e7\u00e3o de mulheres \u00e9 estrat\u00e9gico em um pa\u00eds como o nosso\u201d, disse Dilma. Este ano o Mulheres Mil deve formar 20 mil mulheres em 101 institutos federais.<\/p>\n<p>Diego Rocha<\/p>\n","protected":false},"excerpt":{"rendered":"<p>O Canad\u00e1 receber\u00e1 12 mil bolsistas do Programa Ci\u00eancia sem Fronteiras. As bolsas s\u00e3o para cursos de gradua\u00e7\u00e3o, doutorado e p\u00f3s-doutorado. O an\u00fancio da parceria foi feito pela presidenta da Rep\u00fablica, Dilma Rousseff, e pelo governador-geral daquele pa\u00eds, David Johnston, na tarde desta ter\u00e7a-feira, 24, no Pal\u00e1cio do Planalto. O Canad\u00e1 \u00e9 hoje o pa\u00eds [&hellip;]<\/p>\n","protected":false},"author":3,"featured_media":34767,"comment_status":"open","ping_status":"closed","sticky":false,"template":"","format":"standard","meta":{"tdm_status":"","tdm_grid_status":"","footnotes":""},"categories":[22],"tags":[],"class_list":{"0":"post-38880","1":"post","2":"type-post","3":"status-publish","4":"format-standard","5":"has-post-thumbnail","7":"category-brasil"},"_links":{"self":[{"href":"https:\/\/migracao.redenoticia.com.br\/noticia\/wp-json\/wp\/v2\/posts\/38880","targetHints":{"allow":["GET"]}}],"collection":[{"href":"https:\/\/migracao.redenoticia.com.br\/noticia\/wp-json\/wp\/v2\/posts"}],"about":[{"href":"https:\/\/migracao.redenoticia.com.br\/noticia\/wp-json\/wp\/v2\/types\/post"}],"author":[{"embeddable":true,"href":"https:\/\/migracao.redenoticia.com.br\/noticia\/wp-json\/wp\/v2\/users\/3"}],"replies":[{"embeddable":true,"href":"https:\/\/migracao.redenoticia.com.br\/noticia\/wp-json\/wp\/v2\/comments?post=38880"}],"version-history":[{"count":0,"href":"https:\/\/migracao.redenoticia.com.br\/noticia\/wp-json\/wp\/v2\/posts\/38880\/revisions"}],"wp:featuredmedia":[{"embeddable":true,"href":"https:\/\/migracao.redenoticia.com.br\/noticia\/wp-json\/wp\/v2\/media\/34767"}],"wp:attachment":[{"href":"https:\/\/migracao.redenoticia.com.br\/noticia\/wp-json\/wp\/v2\/media?parent=38880"}],"wp:term":[{"taxonomy":"category","embeddable":true,"href":"https:\/\/migracao.redenoticia.com.br\/noticia\/wp-json\/wp\/v2\/categories?post=38880"},{"taxonomy":"post_tag","embeddable":true,"href":"https:\/\/migracao.redenoticia.com.br\/noticia\/wp-json\/wp\/v2\/tags?post=38880"}],"curies":[{"name":"wp","href":"https:\/\/api.w.org\/{rel}","templated":true}]}}