{"id":38893,"date":"2012-04-26T16:06:01","date_gmt":"2012-04-26T19:06:01","guid":{"rendered":"http:\/\/www.redenoticia.com.br\/noticia\/?p=38893"},"modified":"2012-04-26T16:06:01","modified_gmt":"2012-04-26T19:06:01","slug":"professores-de-sp-terao-curso-de-empreendedorismo","status":"publish","type":"post","link":"https:\/\/migracao.redenoticia.com.br\/noticia\/2012\/professores-de-sp-terao-curso-de-empreendedorismo\/38893","title":{"rendered":"Professores de SP ter\u00e3o curso de empreendedorismo"},"content":{"rendered":"<p><img loading=\"lazy\" decoding=\"async\" class=\"alignleft size-full wp-image-36246\" title=\"professor a\" src=\"https:\/\/migracao.redenoticia.com.br\/noticia\/imagens\/professor-a.jpg\" alt=\"\" width=\"300\" height=\"193\" srcset=\"https:\/\/migracao.redenoticia.com.br\/noticia\/imagens\/professor-a.jpg 300w, https:\/\/migracao.redenoticia.com.br\/noticia\/imagens\/professor-a-250x161.jpg 250w, https:\/\/migracao.redenoticia.com.br\/noticia\/imagens\/professor-a-150x97.jpg 150w\" sizes=\"auto, (max-width: 300px) 100vw, 300px\" \/>O governador Geraldo Alckmin recebeu no Pal\u00e1cio dos Bandeirantes na tarde da quarta-feira, 25, o Secret\u00e1rio Estadual da Educa\u00e7\u00e3o, Herman Voorwald, o presidente do Conselho Deliberativo do Sebrae-SP, Alencar Burti e o diretor-superintendente da entidade, Bruno Caetano, para a assinatura do conv\u00eanio que promover\u00e1 o curso &#8220;Jovens <em><strong>Empreendedores<\/strong><\/em> &#8211; Primeiros Passos&#8221;.<\/p>\n<p>Com 30 vagas em cada uma das 91 diretorias regionais de ensino, o curso vai fazer com que professores disseminem a cultura empreendedora entre alunos do 6\u00ba ao 9\u00ba ano do Ensino Fundamental. &#8220;S\u00e3o Paulo \u00e9 uma terra de empreendedores, a terra do trabalho e \u00e9 o trabalho que faz as pessoas se locomoverem&#8221;, destacou o governador.\u00a0&#8220;Para quem acredita que a realiza\u00e7\u00e3o pessoal do ser humano \u00e9 atrav\u00e9s do empreendedorismo, este \u00e9 um dia de gl\u00f3ria&#8221;, comemorou Alencar Burti.<\/p>\n<p>Voltado para professores de escolas regulares, de tempo integral e do programa Escola da Fam\u00edlia, &#8220;Jovens Empreendedores Primeiros Passos&#8221; vai trabalhar temas como comportamento empreendedor, plano de neg\u00f3cios, educa\u00e7\u00e3o empreendedora, pedagogia da presen\u00e7a, resili\u00eancia, protagonismo juvenil e jogo na educa\u00e7\u00e3o.<\/p>\n<p>A carga hor\u00e1ria \u00e9 de 30 horas, sendo cinco \u00e0 dist\u00e2ncia, e o curso ter\u00e1 in\u00edcio at\u00e9 junho conforme as turmas sejam formadas nas diretorias regionais de ensino. J\u00e1 no segundo semestre deste ano, o conte\u00fado aprendido pelos professores ser\u00e1 retransmitido a cerca de 50 mil estudantes, despertando e fortalecendo o esp\u00edrito empreendedor dos jovens. &#8220;Tenho absoluta convic\u00e7\u00e3o do sucesso desse projeto. S\u00e3o Paulo d\u00e1 um passo important\u00edssimo no que diz respeito \u00e0 busca de uma educa\u00e7\u00e3o b\u00e1sica de qualidade&#8221;, concluiu o secret\u00e1rio Herman Voorwald.<\/p>\n<p>Do Portal do Governo do Estado<\/p>\n","protected":false},"excerpt":{"rendered":"<p>O governador Geraldo Alckmin recebeu no Pal\u00e1cio dos Bandeirantes na tarde da quarta-feira, 25, o Secret\u00e1rio Estadual da Educa\u00e7\u00e3o, Herman Voorwald, o presidente do Conselho Deliberativo do Sebrae-SP, Alencar Burti e o diretor-superintendente da entidade, Bruno Caetano, para a assinatura do conv\u00eanio que promover\u00e1 o curso &#8220;Jovens Empreendedores &#8211; Primeiros Passos&#8221;. Com 30 vagas em [&hellip;]<\/p>\n","protected":false},"author":3,"featured_media":36246,"comment_status":"open","ping_status":"closed","sticky":false,"template":"","format":"standard","meta":{"tdm_status":"","tdm_grid_status":"","footnotes":""},"categories":[22],"tags":[],"class_list":{"0":"post-38893","1":"post","2":"type-post","3":"status-publish","4":"format-standard","5":"has-post-thumbnail","7":"category-brasil"},"_links":{"self":[{"href":"https:\/\/migracao.redenoticia.com.br\/noticia\/wp-json\/wp\/v2\/posts\/38893","targetHints":{"allow":["GET"]}}],"collection":[{"href":"https:\/\/migracao.redenoticia.com.br\/noticia\/wp-json\/wp\/v2\/posts"}],"about":[{"href":"https:\/\/migracao.redenoticia.com.br\/noticia\/wp-json\/wp\/v2\/types\/post"}],"author":[{"embeddable":true,"href":"https:\/\/migracao.redenoticia.com.br\/noticia\/wp-json\/wp\/v2\/users\/3"}],"replies":[{"embeddable":true,"href":"https:\/\/migracao.redenoticia.com.br\/noticia\/wp-json\/wp\/v2\/comments?post=38893"}],"version-history":[{"count":0,"href":"https:\/\/migracao.redenoticia.com.br\/noticia\/wp-json\/wp\/v2\/posts\/38893\/revisions"}],"wp:featuredmedia":[{"embeddable":true,"href":"https:\/\/migracao.redenoticia.com.br\/noticia\/wp-json\/wp\/v2\/media\/36246"}],"wp:attachment":[{"href":"https:\/\/migracao.redenoticia.com.br\/noticia\/wp-json\/wp\/v2\/media?parent=38893"}],"wp:term":[{"taxonomy":"category","embeddable":true,"href":"https:\/\/migracao.redenoticia.com.br\/noticia\/wp-json\/wp\/v2\/categories?post=38893"},{"taxonomy":"post_tag","embeddable":true,"href":"https:\/\/migracao.redenoticia.com.br\/noticia\/wp-json\/wp\/v2\/tags?post=38893"}],"curies":[{"name":"wp","href":"https:\/\/api.w.org\/{rel}","templated":true}]}}