{"id":38899,"date":"2012-04-27T15:15:00","date_gmt":"2012-04-27T18:15:00","guid":{"rendered":"http:\/\/www.redenoticia.com.br\/noticia\/?p=38899"},"modified":"2012-04-27T15:15:00","modified_gmt":"2012-04-27T18:15:00","slug":"operacao-dia-do-trabalho-2012-reforca-fiscalizacao-das-rodovias-federais","status":"publish","type":"post","link":"https:\/\/migracao.redenoticia.com.br\/noticia\/2012\/operacao-dia-do-trabalho-2012-reforca-fiscalizacao-das-rodovias-federais\/38899","title":{"rendered":"Opera\u00e7\u00e3o Dia do Trabalho 2012 refor\u00e7a fiscaliza\u00e7\u00e3o das rodovias federais"},"content":{"rendered":"<p><img loading=\"lazy\" decoding=\"async\" class=\"alignleft size-full wp-image-35207\" title=\"transito estradas\" src=\"https:\/\/migracao.redenoticia.com.br\/noticia\/imagens\/transito-estradas.jpg\" alt=\"\" width=\"300\" height=\"193\" srcset=\"https:\/\/migracao.redenoticia.com.br\/noticia\/imagens\/transito-estradas.jpg 300w, https:\/\/migracao.redenoticia.com.br\/noticia\/imagens\/transito-estradas-250x160.jpg 250w, https:\/\/migracao.redenoticia.com.br\/noticia\/imagens\/transito-estradas-150x96.jpg 150w\" sizes=\"auto, (max-width: 300px) 100vw, 300px\" \/>Bras\u00edlia \u2013 A Pol\u00edcia Rodovi\u00e1ria Federal (PRF) deu in\u00edcio hoje (27) \u00e0 Opera\u00e7\u00e3o Dia do Trabalho 2012, com objetivo de reduzir a viol\u00eancia no tr\u00e2nsito e evitar acidentes. A opera\u00e7\u00e3o segue at\u00e9 \u00e0s 23h59 da ter\u00e7a-feira (1). O policiamento j\u00e1 est\u00e1 sendo ampliado devido ao esperado crescimento no <em><strong>movimento das rodovias<\/strong><\/em>. No Distrito Federal e entorno, cerca de 85 policias est\u00e3o monitorando as estradas.<\/p>\n<p>A fiscaliza\u00e7\u00e3o da PRF ser\u00e1 intensificada num total de 957 quil\u00f4metros de rodovias federais ao redor da capital federal. Ser\u00e3o fiscalizadas as seguintes rodovias: BR-020 (acesso \u00e0 Regi\u00e3o Nordeste); BR-040 e BR-050 (acesso \u00e0 Regi\u00e3o Sudeste); BR-060 (acesso \u00e0 Regi\u00e3o Centro-Oeste); BR-070 (acesso \u00e0 \u00c1guas Lindas\/GO e Piren\u00f3polis\/GO, entre outros munic\u00edpios); BR-251 (acesso a Una\u00ed\/MG); BR-450 (per\u00edmetro urbano do Distrito Federal); e BR-080 (acesso a Padre Bernardo\/GO e regi\u00e3o Norte).<\/p>\n<p>De acordo com o inspetor De Lucas, do departamento de comunica\u00e7\u00e3o da PRF, ser\u00e3o utilizados radares m\u00f3veis para fiscalizar excesso de velocidade. Os policiais tamb\u00e9m estar\u00e3o atentos a abusos como as ultrapassagens proibidas, que respondem como uma das principais causas das colis\u00f5es. De Luca acrescentou ainda que a fiscaliza\u00e7\u00e3o do consumo de bebidas alco\u00f3licas ser\u00e1 rigorosa, com todos os postos de fiscaliza\u00e7\u00e3o equipados com etil\u00f4metros (baf\u00f4metros).<\/p>\n<p>O empres\u00e1rio Wilber Correa, que pretende pegar a estrada nesse feriad\u00e3o com a fam\u00edlia, entende que as opera\u00e7\u00f5es para fiscalizar o consumo de \u00e1lcool s\u00e3o muito importantes para evitar acidentes. \u201cCom o feriado prolongado, o \u00edndice de pessoas que saem das cidades aumenta e, infelizmente, muitas dessas pessoas n\u00e3o t\u00eam responsabilidade e acabam consumindo bebida alco\u00f3lica. Mesmo as pessoas prudentes que viajam com suas fam\u00edlias acabam correndo risco\u201d, disse.<\/p>\n<p>A PRF alerta aos motoristas para a necessidade de os motoristas portarem a documenta\u00e7\u00e3o atualizada sua e do ve\u00edculo, que deve estar com os equipamentos obrigat\u00f3rios completos e em bom estado de conserva\u00e7\u00e3o. Com rela\u00e7\u00e3o ao comportamento nas estradas, a institui\u00e7\u00e3o relembra o dever de respeito \u00e0 velocidade da via, a import\u00e2ncia de aten\u00e7\u00e3o maior no momento das ultrapassagens e a proibi\u00e7\u00e3o no uso de bebidas alco\u00f3licas.<\/p>\n<p>Da Ag\u00eancia Brasil<br \/>\nEdi\u00e7\u00e3o: Davi Oliveira<\/p>\n","protected":false},"excerpt":{"rendered":"<p>Bras\u00edlia \u2013 A Pol\u00edcia Rodovi\u00e1ria Federal (PRF) deu in\u00edcio hoje (27) \u00e0 Opera\u00e7\u00e3o Dia do Trabalho 2012, com objetivo de reduzir a viol\u00eancia no tr\u00e2nsito e evitar acidentes. A opera\u00e7\u00e3o segue at\u00e9 \u00e0s 23h59 da ter\u00e7a-feira (1). O policiamento j\u00e1 est\u00e1 sendo ampliado devido ao esperado crescimento no movimento das rodovias. No Distrito Federal e [&hellip;]<\/p>\n","protected":false},"author":3,"featured_media":35207,"comment_status":"open","ping_status":"closed","sticky":false,"template":"","format":"standard","meta":{"tdm_status":"","tdm_grid_status":"","footnotes":""},"categories":[22],"tags":[],"class_list":{"0":"post-38899","1":"post","2":"type-post","3":"status-publish","4":"format-standard","5":"has-post-thumbnail","7":"category-brasil"},"_links":{"self":[{"href":"https:\/\/migracao.redenoticia.com.br\/noticia\/wp-json\/wp\/v2\/posts\/38899","targetHints":{"allow":["GET"]}}],"collection":[{"href":"https:\/\/migracao.redenoticia.com.br\/noticia\/wp-json\/wp\/v2\/posts"}],"about":[{"href":"https:\/\/migracao.redenoticia.com.br\/noticia\/wp-json\/wp\/v2\/types\/post"}],"author":[{"embeddable":true,"href":"https:\/\/migracao.redenoticia.com.br\/noticia\/wp-json\/wp\/v2\/users\/3"}],"replies":[{"embeddable":true,"href":"https:\/\/migracao.redenoticia.com.br\/noticia\/wp-json\/wp\/v2\/comments?post=38899"}],"version-history":[{"count":0,"href":"https:\/\/migracao.redenoticia.com.br\/noticia\/wp-json\/wp\/v2\/posts\/38899\/revisions"}],"wp:featuredmedia":[{"embeddable":true,"href":"https:\/\/migracao.redenoticia.com.br\/noticia\/wp-json\/wp\/v2\/media\/35207"}],"wp:attachment":[{"href":"https:\/\/migracao.redenoticia.com.br\/noticia\/wp-json\/wp\/v2\/media?parent=38899"}],"wp:term":[{"taxonomy":"category","embeddable":true,"href":"https:\/\/migracao.redenoticia.com.br\/noticia\/wp-json\/wp\/v2\/categories?post=38899"},{"taxonomy":"post_tag","embeddable":true,"href":"https:\/\/migracao.redenoticia.com.br\/noticia\/wp-json\/wp\/v2\/tags?post=38899"}],"curies":[{"name":"wp","href":"https:\/\/api.w.org\/{rel}","templated":true}]}}