{"id":38904,"date":"2012-04-27T15:28:40","date_gmt":"2012-04-27T18:28:40","guid":{"rendered":"http:\/\/www.redenoticia.com.br\/noticia\/?p=38904"},"modified":"2012-04-27T15:28:40","modified_gmt":"2012-04-27T18:28:40","slug":"theatro-sao-pedro-tem-programacao-especial-em-sp","status":"publish","type":"post","link":"https:\/\/migracao.redenoticia.com.br\/noticia\/2012\/theatro-sao-pedro-tem-programacao-especial-em-sp\/38904","title":{"rendered":"Theatro S\u00e3o Pedro tem programa\u00e7\u00e3o especial em SP"},"content":{"rendered":"<p><img loading=\"lazy\" decoding=\"async\" class=\"alignleft size-full wp-image-27918\" title=\"virada cultural sp\" src=\"https:\/\/migracao.redenoticia.com.br\/noticia\/imagens\/virada-cultural-sp-2010.jpg\" alt=\"\" width=\"300\" height=\"193\" srcset=\"https:\/\/migracao.redenoticia.com.br\/noticia\/imagens\/virada-cultural-sp-2010.jpg 300w, https:\/\/migracao.redenoticia.com.br\/noticia\/imagens\/virada-cultural-sp-2010-250x160.jpg 250w, https:\/\/migracao.redenoticia.com.br\/noticia\/imagens\/virada-cultural-sp-2010-150x96.jpg 150w\" sizes=\"auto, (max-width: 300px) 100vw, 300px\" \/>O <em><strong>Theatro S\u00e3o Pedro<\/strong><\/em>, corpo art\u00edstico da Secretaria de Estado da Cultura de SP, ter\u00e1 duas apresenta\u00e7\u00f5es especiais para o final de semana. A <em><strong>programa\u00e7\u00e3o<\/strong><\/em>, intitulada \u201cMomento It\u00e1lia Brasil\u201d, contar\u00e1 com recital e cortina l\u00edrica.<\/p>\n<p>Nesta sexta-feira, 27, o p\u00fablico confere um recital com obras dos grandes nomes da \u00f3pera, como Tosti, Verdi, Cilea, Ponchielli e Puccini, todas acompanhadas pelo pianista Anderson Brenner. O bar\u00edtono italiano Renato Bruson divide o palco com elenco formado pelo tenor Ricardo Leone, a soprano Tati Helene e a meio-soprano Mere Oliveira.<\/p>\n<p>S\u00e1bado, 28, e domingo, 29, \u00e9 a vez da Orquestra do Theatro S\u00e3o Pedro (Orthesp) se apresentar com a \u00d3pera Rigoletto, uma das mais famosas do compositor italiano Giuseppe Verdi que ser\u00e1 tema da cortina l\u00edrica nos dois dias. Sob reg\u00eancia do maestro italiano Giorgio Croci, que tamb\u00e9m assina a dire\u00e7\u00e3o musical, a orquestra apresenta-se com o bar\u00edtono Douglas Hahn, a soprano Artemisa Repa, o tenor Miguel Geraldi e a meio-soprano Mere Oliveira. O formato das apresenta\u00e7\u00f5es \u2013 orquestra e cantores no palco, sem figurino oper\u00edstico \u2013 evidencia ainda mais a performance dos cantores, bem como as caracter\u00edsticas da reg\u00eancia de Crocci.<\/p>\n<p>Servi\u00e7o<\/p>\n<p>Recital de Gala com Renato Bruson<br \/>\nTheatro S\u00e3o Pedro &#8211; Rua Barra Funda, 171<br \/>\n27 de abril, \u00e0s 20h30<br \/>\nDura\u00e7\u00e3o: 90 minutos com intervalo<\/p>\n<p>Cortina L\u00edrica da \u00d3pera Rigoletto<br \/>\nTheatro S\u00e3o Pedro &#8211; Rua Barra Funda, 171<br \/>\n28 de abril, \u00e0s 20h30 e 29 de abril, \u00e0s 17h<br \/>\nDura\u00e7\u00e3o: 90 minutos com intervalo<\/p>\n<p>R$20 a R$10 (meia entrada) para cada apresenta\u00e7\u00e3o<br \/>\nVendas e mais Informa\u00e7\u00f5es: 3667-0499<br \/>\nA bilheteria funciona de quarta a domingo, das 14h \u00e0s 19h.<\/p>\n<p>Do Portal do Governo do Estado<\/p>\n","protected":false},"excerpt":{"rendered":"<p>O Theatro S\u00e3o Pedro, corpo art\u00edstico da Secretaria de Estado da Cultura de SP, ter\u00e1 duas apresenta\u00e7\u00f5es especiais para o final de semana. A programa\u00e7\u00e3o, intitulada \u201cMomento It\u00e1lia Brasil\u201d, contar\u00e1 com recital e cortina l\u00edrica. Nesta sexta-feira, 27, o p\u00fablico confere um recital com obras dos grandes nomes da \u00f3pera, como Tosti, Verdi, Cilea, Ponchielli [&hellip;]<\/p>\n","protected":false},"author":3,"featured_media":27918,"comment_status":"open","ping_status":"closed","sticky":false,"template":"","format":"standard","meta":{"tdm_status":"","tdm_grid_status":"","footnotes":""},"categories":[22],"tags":[],"class_list":{"0":"post-38904","1":"post","2":"type-post","3":"status-publish","4":"format-standard","5":"has-post-thumbnail","7":"category-brasil"},"_links":{"self":[{"href":"https:\/\/migracao.redenoticia.com.br\/noticia\/wp-json\/wp\/v2\/posts\/38904","targetHints":{"allow":["GET"]}}],"collection":[{"href":"https:\/\/migracao.redenoticia.com.br\/noticia\/wp-json\/wp\/v2\/posts"}],"about":[{"href":"https:\/\/migracao.redenoticia.com.br\/noticia\/wp-json\/wp\/v2\/types\/post"}],"author":[{"embeddable":true,"href":"https:\/\/migracao.redenoticia.com.br\/noticia\/wp-json\/wp\/v2\/users\/3"}],"replies":[{"embeddable":true,"href":"https:\/\/migracao.redenoticia.com.br\/noticia\/wp-json\/wp\/v2\/comments?post=38904"}],"version-history":[{"count":0,"href":"https:\/\/migracao.redenoticia.com.br\/noticia\/wp-json\/wp\/v2\/posts\/38904\/revisions"}],"wp:featuredmedia":[{"embeddable":true,"href":"https:\/\/migracao.redenoticia.com.br\/noticia\/wp-json\/wp\/v2\/media\/27918"}],"wp:attachment":[{"href":"https:\/\/migracao.redenoticia.com.br\/noticia\/wp-json\/wp\/v2\/media?parent=38904"}],"wp:term":[{"taxonomy":"category","embeddable":true,"href":"https:\/\/migracao.redenoticia.com.br\/noticia\/wp-json\/wp\/v2\/categories?post=38904"},{"taxonomy":"post_tag","embeddable":true,"href":"https:\/\/migracao.redenoticia.com.br\/noticia\/wp-json\/wp\/v2\/tags?post=38904"}],"curies":[{"name":"wp","href":"https:\/\/api.w.org\/{rel}","templated":true}]}}