{"id":38943,"date":"2012-05-02T15:38:20","date_gmt":"2012-05-02T18:38:20","guid":{"rendered":"http:\/\/www.redenoticia.com.br\/noticia\/?p=38943"},"modified":"2012-05-05T16:20:50","modified_gmt":"2012-05-05T19:20:50","slug":"concurso-publico-para-feam-com-inscricoes-abertas","status":"publish","type":"post","link":"https:\/\/migracao.redenoticia.com.br\/noticia\/2012\/concurso-publico-para-feam-com-inscricoes-abertas\/38943","title":{"rendered":"Concurso P\u00fablico para FEAM com Inscri\u00e7\u00f5es Abertas"},"content":{"rendered":"<p><a href=\"https:\/\/migracao.redenoticia.com.br\/noticia\/2010\/concurso-nilo-pecanha-merito-inscricao-ate-0406\/28953\/concurso-publico\" rel=\"attachment wp-att-28954\"><img loading=\"lazy\" decoding=\"async\" class=\"alignleft size-full wp-image-28954\" title=\"concurso publico\" src=\"https:\/\/migracao.redenoticia.com.br\/noticia\/imagens\/concurso-publico.jpg\" alt=\"\" width=\"300\" height=\"193\" srcset=\"https:\/\/migracao.redenoticia.com.br\/noticia\/imagens\/concurso-publico.jpg 300w, https:\/\/migracao.redenoticia.com.br\/noticia\/imagens\/concurso-publico-250x160.jpg 250w, https:\/\/migracao.redenoticia.com.br\/noticia\/imagens\/concurso-publico-150x96.jpg 150w\" sizes=\"auto, (max-width: 300px) 100vw, 300px\" \/><\/a>O Presidente da Funda\u00e7\u00e3o Eletronuclear de Assist\u00eancia M\u00e9dica (<em><strong>FEAM<\/strong><\/em>), no uso de suas atribui\u00e7\u00f5es legais, torna p\u00fablica, por interm\u00e9dio do Centro de Produ\u00e7\u00e3o da Universidade do Estado do Rio de Janeiro (CEPUERJ), a realiza\u00e7\u00e3o de <em><strong>Concurso P\u00fablico<\/strong><\/em> para Forma\u00e7\u00e3o de Cadastro de Reserva de Pessoal, sob o regime da Consolida\u00e7\u00e3o das Leis do Trabalho (CLT) para o quadro de pessoal de n\u00edvel superior, m\u00e9dio e fundamental, de acordo com o Plano de Cargos.<\/p>\n<p>O presente Concurso P\u00fablico visa \u00e0 sele\u00e7\u00e3o de candidatos para a forma\u00e7\u00e3o de Cadastro de Reserva para provimento de vagas futuras na Funda\u00e7\u00e3o Eletronuclear de Assist\u00eancia M\u00e9dica para diversos cargos. O sal\u00e1rio vai de R$ 729,59 (n\u00edvel fundamental) a R$ 4.700,00 (n\u00edvel superior).<\/p>\n<p>As inscri\u00e7\u00f5es ser\u00e3o efetuadas exclusivamente atrav\u00e9s da Internet, no endere\u00e7o eletr\u00f4nico <a href=\"http:\/\/www.cepuerj.uerj.br\" target=\"_blank\">http:\/\/www.cepuerj.uerj.br<\/a>, Concursos em Andamento, link FEAM 2012, das 10h do dia 30\/04\/2012 \u00e0s 21h do dia 18\/05\/2012, observado o hor\u00e1rio oficial de Bras\u00edlia.<\/p>\n<p>O valor da taxa de inscri\u00e7\u00e3o ser\u00e1 de R$ 100,00 (n\u00edvel superior); R$ 60,00 (n\u00edvel m\u00e9dio) e R$ 30,00 (n\u00edvel fundamental).<\/p>\n<p>As Provas Objetivas est\u00e3o previstas para serem realizadas no dia 01\/07\/2012, \u00e0s 9 horas, e ter\u00e3o a dura\u00e7\u00e3o de 4 (quatro) horas para todos os cargos.<\/p>\n<p>Mais informa\u00e7\u00f5es atrav\u00e9s do site: www.cepuerj.uerj.br.<\/p>\n","protected":false},"excerpt":{"rendered":"<p>O Presidente da Funda\u00e7\u00e3o Eletronuclear de Assist\u00eancia M\u00e9dica (FEAM), no uso de suas atribui\u00e7\u00f5es legais, torna p\u00fablica, por interm\u00e9dio do Centro de Produ\u00e7\u00e3o da Universidade do Estado do Rio de Janeiro (CEPUERJ), a realiza\u00e7\u00e3o de Concurso P\u00fablico para Forma\u00e7\u00e3o de Cadastro de Reserva de Pessoal, sob o regime da Consolida\u00e7\u00e3o das Leis do Trabalho (CLT) [&hellip;]<\/p>\n","protected":false},"author":5,"featured_media":28954,"comment_status":"open","ping_status":"closed","sticky":false,"template":"","format":"standard","meta":{"tdm_status":"","tdm_grid_status":"","footnotes":""},"categories":[22,352,370],"tags":[],"class_list":{"0":"post-38943","1":"post","2":"type-post","3":"status-publish","4":"format-standard","5":"has-post-thumbnail","7":"category-brasil","8":"category-concursos","9":"category-inscricao"},"_links":{"self":[{"href":"https:\/\/migracao.redenoticia.com.br\/noticia\/wp-json\/wp\/v2\/posts\/38943","targetHints":{"allow":["GET"]}}],"collection":[{"href":"https:\/\/migracao.redenoticia.com.br\/noticia\/wp-json\/wp\/v2\/posts"}],"about":[{"href":"https:\/\/migracao.redenoticia.com.br\/noticia\/wp-json\/wp\/v2\/types\/post"}],"author":[{"embeddable":true,"href":"https:\/\/migracao.redenoticia.com.br\/noticia\/wp-json\/wp\/v2\/users\/5"}],"replies":[{"embeddable":true,"href":"https:\/\/migracao.redenoticia.com.br\/noticia\/wp-json\/wp\/v2\/comments?post=38943"}],"version-history":[{"count":0,"href":"https:\/\/migracao.redenoticia.com.br\/noticia\/wp-json\/wp\/v2\/posts\/38943\/revisions"}],"wp:featuredmedia":[{"embeddable":true,"href":"https:\/\/migracao.redenoticia.com.br\/noticia\/wp-json\/wp\/v2\/media\/28954"}],"wp:attachment":[{"href":"https:\/\/migracao.redenoticia.com.br\/noticia\/wp-json\/wp\/v2\/media?parent=38943"}],"wp:term":[{"taxonomy":"category","embeddable":true,"href":"https:\/\/migracao.redenoticia.com.br\/noticia\/wp-json\/wp\/v2\/categories?post=38943"},{"taxonomy":"post_tag","embeddable":true,"href":"https:\/\/migracao.redenoticia.com.br\/noticia\/wp-json\/wp\/v2\/tags?post=38943"}],"curies":[{"name":"wp","href":"https:\/\/api.w.org\/{rel}","templated":true}]}}