{"id":38945,"date":"2012-05-02T16:52:51","date_gmt":"2012-05-02T19:52:51","guid":{"rendered":"http:\/\/www.redenoticia.com.br\/noticia\/?p=38945"},"modified":"2012-05-02T16:52:57","modified_gmt":"2012-05-02T19:52:57","slug":"nova-onda-de-frio-chega-no-fim-de-semana-do-dia-das-maes","status":"publish","type":"post","link":"https:\/\/migracao.redenoticia.com.br\/noticia\/2012\/nova-onda-de-frio-chega-no-fim-de-semana-do-dia-das-maes\/38945","title":{"rendered":"Nova onda de frio chega no fim de semana do Dia das M\u00e3es"},"content":{"rendered":"<p><a href=\"https:\/\/migracao.redenoticia.com.br\/noticia\/2010\/previsao-climatica-para-o-trimestre-maio-a-julho-mjj2010\/27185\/previsao-do-tempo-temperatura\" rel=\"attachment wp-att-28410\"><img loading=\"lazy\" decoding=\"async\" class=\"alignleft size-full wp-image-28410\" title=\"previsao do tempo temperatura\" src=\"https:\/\/migracao.redenoticia.com.br\/noticia\/imagens\/previsao-do-tempo-temperatura.jpg\" alt=\"\" width=\"300\" height=\"193\" srcset=\"https:\/\/migracao.redenoticia.com.br\/noticia\/imagens\/previsao-do-tempo-temperatura.jpg 300w, https:\/\/migracao.redenoticia.com.br\/noticia\/imagens\/previsao-do-tempo-temperatura-250x160.jpg 250w, https:\/\/migracao.redenoticia.com.br\/noticia\/imagens\/previsao-do-tempo-temperatura-150x96.jpg 150w\" sizes=\"auto, (max-width: 300px) 100vw, 300px\" \/><\/a>A atual onda de <em><strong>frio<\/strong><\/em>, que toma conta de boa parte das Regi\u00f5es <em><strong>Sul<\/strong><\/em>, <em><strong>Sudeste<\/strong><\/em> e Centro-Oeste, al\u00e9m do Acre e Rond\u00f4nia, perde for\u00e7a nos pr\u00f3ximos dias. Segundo previs\u00e3o da Somar, at\u00e9 o fim de semana o frio passa a ficar restrito apenas ao Sul, Sudeste, Goi\u00e1s e Distrito Federal e, mesmo assim, esperam-se m\u00ednimas acima dos 10\u00b0C na maior parte dos munic\u00edpios.<\/p>\n<p>Uma nova onda de frio chega ao pa\u00eds no dia 13 de maio, Dia das M\u00e3es. De acordo com os meteorologistas da Somar, at\u00e9 o dia 16 de maio, a temperatura despenca no Sul, Sudeste e boa parte do Centro-Oeste. Na Serra Geral, entre Santa Catarina e Rio Grande do Sul, a m\u00ednima chega a 0\u00b0C. J\u00e1 no sul e oeste do Paran\u00e1 e no sul de Mato Grosso do Sul, a temperatura oscila entre 3\u00b0C e 6\u00b0C. Em partes de S\u00e3o Paulo, Goi\u00e1s e Minas Gerais, espera-se algo entre 6\u00b0C e 9\u00b0C.<\/p>\n<p>Calor<br \/>\nO calor fica restrito ao Norte, Nordeste e o norte e oeste de Mato Grosso at\u00e9 o domingo. A m\u00e1xima passa dos 33\u00b0C no Par\u00e1, norte de Tocantins e no leste do Amazonas. J\u00e1 entre 7 e 11 de maio, o calor ser\u00e1 mais intenso no Amazonas, Acre, Rond\u00f4nia, Par\u00e1 e noroeste de Mato Grosso. Entre os dias 12 e 16 de maio, o calor predomina em Tocantins, Par\u00e1 e nordeste de Mato Grosso.<\/p>\n","protected":false},"excerpt":{"rendered":"<p>A atual onda de frio, que toma conta de boa parte das Regi\u00f5es Sul, Sudeste e Centro-Oeste, al\u00e9m do Acre e Rond\u00f4nia, perde for\u00e7a nos pr\u00f3ximos dias. Segundo previs\u00e3o da Somar, at\u00e9 o fim de semana o frio passa a ficar restrito apenas ao Sul, Sudeste, Goi\u00e1s e Distrito Federal e, mesmo assim, esperam-se m\u00ednimas [&hellip;]<\/p>\n","protected":false},"author":5,"featured_media":28410,"comment_status":"open","ping_status":"closed","sticky":false,"template":"","format":"standard","meta":{"tdm_status":"","tdm_grid_status":"","footnotes":""},"categories":[22,327,376],"tags":[],"class_list":{"0":"post-38945","1":"post","2":"type-post","3":"status-publish","4":"format-standard","5":"has-post-thumbnail","7":"category-brasil","8":"category-clima","9":"category-clima-brasil"},"_links":{"self":[{"href":"https:\/\/migracao.redenoticia.com.br\/noticia\/wp-json\/wp\/v2\/posts\/38945","targetHints":{"allow":["GET"]}}],"collection":[{"href":"https:\/\/migracao.redenoticia.com.br\/noticia\/wp-json\/wp\/v2\/posts"}],"about":[{"href":"https:\/\/migracao.redenoticia.com.br\/noticia\/wp-json\/wp\/v2\/types\/post"}],"author":[{"embeddable":true,"href":"https:\/\/migracao.redenoticia.com.br\/noticia\/wp-json\/wp\/v2\/users\/5"}],"replies":[{"embeddable":true,"href":"https:\/\/migracao.redenoticia.com.br\/noticia\/wp-json\/wp\/v2\/comments?post=38945"}],"version-history":[{"count":0,"href":"https:\/\/migracao.redenoticia.com.br\/noticia\/wp-json\/wp\/v2\/posts\/38945\/revisions"}],"wp:featuredmedia":[{"embeddable":true,"href":"https:\/\/migracao.redenoticia.com.br\/noticia\/wp-json\/wp\/v2\/media\/28410"}],"wp:attachment":[{"href":"https:\/\/migracao.redenoticia.com.br\/noticia\/wp-json\/wp\/v2\/media?parent=38945"}],"wp:term":[{"taxonomy":"category","embeddable":true,"href":"https:\/\/migracao.redenoticia.com.br\/noticia\/wp-json\/wp\/v2\/categories?post=38945"},{"taxonomy":"post_tag","embeddable":true,"href":"https:\/\/migracao.redenoticia.com.br\/noticia\/wp-json\/wp\/v2\/tags?post=38945"}],"curies":[{"name":"wp","href":"https:\/\/api.w.org\/{rel}","templated":true}]}}