{"id":38951,"date":"2012-05-02T17:20:19","date_gmt":"2012-05-02T20:20:19","guid":{"rendered":"http:\/\/www.redenoticia.com.br\/noticia\/?p=38951"},"modified":"2012-05-02T17:20:27","modified_gmt":"2012-05-02T20:20:27","slug":"ipc-s-tem-leve-queda-e-fica-em-052-em-abril","status":"publish","type":"post","link":"https:\/\/migracao.redenoticia.com.br\/noticia\/2012\/ipc-s-tem-leve-queda-e-fica-em-052-em-abril\/38951","title":{"rendered":"IPC-S tem leve queda e fica em 0,52% em abril"},"content":{"rendered":"<p><em><strong><a href=\"https:\/\/migracao.redenoticia.com.br\/noticia\/?attachment_id=38938\" rel=\"attachment wp-att-38938\"><img loading=\"lazy\" decoding=\"async\" class=\"alignleft size-full wp-image-38938\" title=\"economia\" src=\"https:\/\/migracao.redenoticia.com.br\/noticia\/imagens\/economia1.jpg\" alt=\"\" width=\"300\" height=\"193\" srcset=\"https:\/\/migracao.redenoticia.com.br\/noticia\/imagens\/economia1.jpg 300w, https:\/\/migracao.redenoticia.com.br\/noticia\/imagens\/economia1-250x160.jpg 250w, https:\/\/migracao.redenoticia.com.br\/noticia\/imagens\/economia1-150x96.jpg 150w\" sizes=\"auto, (max-width: 300px) 100vw, 300px\" \/><\/a>Infla\u00e7\u00e3o<\/strong><\/em> &#8211; O \u00cdndice de Pre\u00e7os ao Consumidor Semanal (<em><strong>IPC-S<\/strong><\/em>), medido pelo Instituto Brasileiro de Economia (Ibre) da Funda\u00e7\u00e3o Getulio Vargas (<em><strong>FGV<\/strong><\/em>), encerrou o m\u00eas de abril com varia\u00e7\u00e3o de 0,52%, uma queda de 0,05 ponto percentual sobre o resultado da pesquisa anterior (0,57%).<\/p>\n<p>Cinco dos oito grupos pesquisados tiveram decr\u00e9scimos, entre eles, o de alimenta\u00e7\u00e3o com 0,38% ante 0,53%, resultado que reflete, principalmente, o recuo de pre\u00e7o das frutas (de 0,31% para -1,47%). Em vestu\u00e1rio caiu a intensidade de alta de 1,05% para 0,55%. No grupo educa\u00e7\u00e3o, leitura e recrea\u00e7\u00e3o, a taxa passou de 0,29% para 0,09% &#8211; essa perda de for\u00e7a est\u00e1 associada \u00e0 passagem a\u00e9rea (de -3,97% para -7, 22%).<\/p>\n<p>Em habita\u00e7\u00e3o, houve gradual redu\u00e7\u00e3o no ritmo de alta ao longo de todo o m\u00eas, com a taxa encerrando abril com 0,42% ante 0,49%. Esta varia\u00e7\u00e3o foi influenciada pelo pagamento dos servi\u00e7os de empregada dom\u00e9stica (de 0,99% para 0,57%). No grupo transportes, ocorreu leve queda na velocidade de alta (de 0,36% para 0,33%) com destaque para o servi\u00e7o de reparo em autom\u00f3vel (de 0,31% para -1,47% ).<\/p>\n<p>Em sentido oposto, o grupo despesas pessoais apresentou um avan\u00e7o (de 2,42% para 3,5%) sob o efeito do reajuste de pre\u00e7os dos cigarros (de 6,46% para 9,66%). Tamb\u00e9m apresentaram acr\u00e9scimos os grupos sa\u00fade e cuidados pessoais (de 0,88% para 1,03%), puxado pelos medicamentos com varia\u00e7\u00e3o de 1,92% ante 1,09% e o de comunica\u00e7\u00e3o (de 0,07% para 0,08%) com a press\u00e3o da tarifa de telefone residencial (de 0,06% para 0,13%).<\/p>\n<p>Os cinco itens que mais subiram nesse per\u00edodo foram: cigarros (de 6,46% para 9,66%); refei\u00e7\u00f5es em bares e restaurantes (de 0,73% para 0,58%); aluguel residencial (de 0,62% para 0,54%); tarifa de eletricidade residencial (de 0,29% para 0,57%) e servi\u00e7o de reparo em autom\u00f3vel (de 1,65% para 1,26%).<\/p>\n<p>Marli Moreira<br \/>\nRep\u00f3rter da Ag\u00eancia Brasil<\/p>\n<p>Edi\u00e7\u00e3o: L\u00edlian Beraldo<\/p>\n","protected":false},"excerpt":{"rendered":"<p>Infla\u00e7\u00e3o &#8211; O \u00cdndice de Pre\u00e7os ao Consumidor Semanal (IPC-S), medido pelo Instituto Brasileiro de Economia (Ibre) da Funda\u00e7\u00e3o Getulio Vargas (FGV), encerrou o m\u00eas de abril com varia\u00e7\u00e3o de 0,52%, uma queda de 0,05 ponto percentual sobre o resultado da pesquisa anterior (0,57%). Cinco dos oito grupos pesquisados tiveram decr\u00e9scimos, entre eles, o de [&hellip;]<\/p>\n","protected":false},"author":5,"featured_media":38938,"comment_status":"open","ping_status":"closed","sticky":false,"template":"","format":"standard","meta":{"tdm_status":"","tdm_grid_status":"","footnotes":""},"categories":[22,7],"tags":[],"class_list":{"0":"post-38951","1":"post","2":"type-post","3":"status-publish","4":"format-standard","5":"has-post-thumbnail","7":"category-brasil","8":"category-economia"},"_links":{"self":[{"href":"https:\/\/migracao.redenoticia.com.br\/noticia\/wp-json\/wp\/v2\/posts\/38951","targetHints":{"allow":["GET"]}}],"collection":[{"href":"https:\/\/migracao.redenoticia.com.br\/noticia\/wp-json\/wp\/v2\/posts"}],"about":[{"href":"https:\/\/migracao.redenoticia.com.br\/noticia\/wp-json\/wp\/v2\/types\/post"}],"author":[{"embeddable":true,"href":"https:\/\/migracao.redenoticia.com.br\/noticia\/wp-json\/wp\/v2\/users\/5"}],"replies":[{"embeddable":true,"href":"https:\/\/migracao.redenoticia.com.br\/noticia\/wp-json\/wp\/v2\/comments?post=38951"}],"version-history":[{"count":0,"href":"https:\/\/migracao.redenoticia.com.br\/noticia\/wp-json\/wp\/v2\/posts\/38951\/revisions"}],"wp:featuredmedia":[{"embeddable":true,"href":"https:\/\/migracao.redenoticia.com.br\/noticia\/wp-json\/wp\/v2\/media\/38938"}],"wp:attachment":[{"href":"https:\/\/migracao.redenoticia.com.br\/noticia\/wp-json\/wp\/v2\/media?parent=38951"}],"wp:term":[{"taxonomy":"category","embeddable":true,"href":"https:\/\/migracao.redenoticia.com.br\/noticia\/wp-json\/wp\/v2\/categories?post=38951"},{"taxonomy":"post_tag","embeddable":true,"href":"https:\/\/migracao.redenoticia.com.br\/noticia\/wp-json\/wp\/v2\/tags?post=38951"}],"curies":[{"name":"wp","href":"https:\/\/api.w.org\/{rel}","templated":true}]}}