{"id":38987,"date":"2012-05-04T17:53:28","date_gmt":"2012-05-04T20:53:28","guid":{"rendered":"http:\/\/www.redenoticia.com.br\/noticia\/?p=38987"},"modified":"2012-05-04T17:53:22","modified_gmt":"2012-05-04T20:53:22","slug":"programacao-do-estado-sp-para-a-virada-cultural-2012","status":"publish","type":"post","link":"https:\/\/migracao.redenoticia.com.br\/noticia\/2012\/programacao-do-estado-sp-para-a-virada-cultural-2012\/38987","title":{"rendered":"Programa\u00e7\u00e3o do Estado SP para a Virada Cultural 2012"},"content":{"rendered":"<p><img loading=\"lazy\" decoding=\"async\" class=\"alignleft size-full wp-image-27918\" title=\"virada cultural sp\" src=\"https:\/\/migracao.redenoticia.com.br\/noticia\/imagens\/virada-cultural-sp-2010.jpg\" alt=\"\" width=\"300\" height=\"193\" srcset=\"https:\/\/migracao.redenoticia.com.br\/noticia\/imagens\/virada-cultural-sp-2010.jpg 300w, https:\/\/migracao.redenoticia.com.br\/noticia\/imagens\/virada-cultural-sp-2010-250x160.jpg 250w, https:\/\/migracao.redenoticia.com.br\/noticia\/imagens\/virada-cultural-sp-2010-150x96.jpg 150w\" sizes=\"auto, (max-width: 300px) 100vw, 300px\" \/>Marcada para os dias 5 e 6 de maio, a <em><strong>Virada Cultural<\/strong>\u00a0<strong>2012<\/strong><\/em> da prefeitura de S\u00e3o Paulo ter\u00e1 programa\u00e7\u00e3o especial elaborada pelo Governo do Estado. Durante todo o final de semana e nas 24h do evento, os museus mantidos pela Secretaria de Estado da Cultura oferecem atividades culturais gratuitas e funcionam em hor\u00e1rio expandido.<\/p>\n<p>Confira a programa\u00e7\u00e3o completa deste s\u00e1bado, 5.<\/p>\n<p>S\u00c1BADO, 5<\/p>\n<p>Museu de Arte Sacra<br \/>\n13h \u00e0s 17h &#8211; Oficina gr\u00e1tis de arte urbana, com enfoque na t\u00e9cnica de est\u00eancil.<\/p>\n<p>Avenida Tiradentes, 676 &#8211; Bom Retiro<br \/>\n(11) 3326.1373<\/p>\n<p>Pa\u00e7o das Artes<br \/>\n16h \u00e0s 23h &#8211; Festival de m\u00fasica experimental Sonora Pa\u00e7o, com curadoria do artista pl\u00e1stico e compositor de m\u00fasica eletr\u00f4nica Ricardo Carioba.<\/p>\n<p>Endere\u00e7o: Av. da Universidade, 1 &#8211; Butant\u00e3<br \/>\n(11) 3814.4832<\/p>\n<p>Jazz Sinf\u00f4nica<br \/>\n18h \u2013 Abrindo a programa\u00e7\u00e3o do Palco J\u00falio Prestes, a orquestra cl\u00e1ssica integrada por uma big band de jazz vai apresentar seu trabalho singular, que re\u00fane o popular e o erudito, com participa\u00e7\u00e3o especial do pianista congol\u00eas Ray Lema e das cantoras Tatiana Parra e Juliana Amaral.<\/p>\n<p>Teatro S\u00e9rgio Cardoso<br \/>\n18h \u00e0s 18h30 \u2013 Intitulada Agora Diadorim, a interven\u00e7\u00e3o urbana do grupo Imagin\u00e1rio conta com um boneco andr\u00f3gino gigante que tem a cidade como cen\u00e1rio. (Em frente ao teatro).<\/p>\n<p>18h \u00e0s 19h \u2013 Espet\u00e1culo de dan\u00e7a Cidade, do n\u00facleo OMSTRAB (Sala Paschoal Carlos Magno).<\/p>\n<p>22h \u00e0s 22h30 &#8211; Intitulada Agora Diadorim, a interven\u00e7\u00e3o urbana do grupo Imagin\u00e1rio, conta com um boneco andr\u00f3gino gigante que tem a cidade como cen\u00e1rio. (Em frente ao teatro)<\/p>\n<p>23h30 \u00e0s 01h30 \u2013 M\u00fasica ao vivo &#8211; Roda da Tradi\u00e7\u00e3o com Oswaldinho da Cu\u00edca, Andr\u00e9 Domingues e convidados + Samba de Gafieira com Jo\u00e3o Carlos Ramos (RJ) &amp; Convidados. (Sagu\u00e3o do Teatro).<\/p>\n<p>Endere\u00e7o: Rua Rui Barbosa, 153 \u2013 Consola\u00e7\u00e3o<br \/>\n(11) 3288.0136<\/p>\n<p>Museu da Casa Brasileira (MCB)<br \/>\n20h &#8211; Guga Stroeter &amp; Orquestra Heartbreakers &#8211; A Orquestra Paulistana Heartbreakers, liderada por Guga Stroeter, desenvolve pesquisa na hist\u00f3ria do Jazz e na tradi\u00e7\u00e3o dos ritmos afro-caribenhos. Para a Virada Cultural, a orquestra preparou uma sele\u00e7\u00e3o de salsas e sambas, tendo como cantor convidado Hamilton Moreno, um dos precursores e principais representantes da m\u00fasica latina no Brasil.<\/p>\n<p>Endere\u00e7o: Av. Brigadeiro Faria Lima, 2705 &#8211; Jardim Paulistano<br \/>\n(11) 3032.3727<\/p>\n<p>Museu do Futebol<br \/>\n9h \u00e0s 20h &#8211; Al\u00e9m de oferecer visita\u00e7\u00e3o gratuita no fim de semana e hor\u00e1rio de visita\u00e7\u00e3o ampliado, o Museu vai fornecer transporte gratuito para os visitantes a partir das esta\u00e7\u00f5es Cl\u00ednicas e Barra Funda do Metr\u00f4.<\/p>\n<p>Endere\u00e7o: Pra\u00e7a Charles Miller, S\/N &#8211; Est\u00e1dio do Pacaembu<br \/>\n(11) 3664.3848<\/p>\n<p>Esta\u00e7\u00e3o Pinacoteca<br \/>\n11h \u00e0s 18h &#8211; Oficina de Graffitti.<br \/>\nEndere\u00e7o: Largo General Os\u00f3rio, 66 &#8211; Luz<br \/>\n(11) 3324.1000<\/p>\n<p>Museu da L\u00edngua Portuguesa<br \/>\n10h \u00e0s 0h \u2013 Entrada gratuita para a exposi\u00e7\u00e3o Jorge Amado e Universal.<br \/>\nEndere\u00e7o: Pra\u00e7a da Luz, s\/n\u00ba &#8211; Centro<br \/>\n(11) 3326.0775<\/p>\n<p>MIS &#8211; Museu da Imagem e do Som<br \/>\n11h \u00e0s 23h &#8211; Entrada gr\u00e1tis para as seis exposi\u00e7\u00f5es que estar\u00e3o em cartaz \u2013 dentre elas, a que re\u00fane 300 fotografias em Polaroid do artista pl\u00e1stico Andy Warhol e a mostra Andr\u00e9 Kert\u00e9sz \u2013 uma vida em dobro, com a obra do fot\u00f3grafo h\u00fangaro que influenciou toda uma gera\u00e7\u00e3o de artistas.<\/p>\n<p>Endere\u00e7o: Avenida Europa, 158 &#8211; Pinheiros<br \/>\n(11) 2117.4777<\/p>\n<p>Casa das Rosas<br \/>\n16h &#8211; Olhar e olhar de novo* &#8211; Os visitantes explorar\u00e3o a Casa a partir de fotografias de seus detalhes, refletindo sobre seu sentido no passado e no presente.<\/p>\n<p>*Inspirado no t\u00edtulo do livro Para olhar e olhar de novo, de Eliana Pougy.<\/p>\n<p>18h \u2013 Sarau Todos os sons &#8211; Esta s\u00e9rie pretende explorar os f\u00e9rteis e diversos pontos de encontro entre m\u00fasica e poesia, ampliando os limites da can\u00e7\u00e3o e criando di\u00e1logo entre as duas linguagens. Com o m\u00fasico Orlando Scarpa e o poeta Ismar Tirelli<\/p>\n<p>19h &#8211; Energia Brasileira Natural &#8211; A proposta \u00e9 uma leitura cr\u00edtica do trabalho do duo espanhol Los Torreznos, chamado &#8220;Energ\u00eda Espanhola Normal&#8221;. Em vez da dupla, a \u201cre-vers\u00e3o\u201d brasileira usar\u00e1 um \u00fanico performer e algumas modifica\u00e7\u00f5es. Com Lucio Agra.<\/p>\n<p>20h \u2013 Show Paralelas, com a poeta Alice Ruiz e a cantora Alzira Esp\u00edndola.<\/p>\n<p>22h \u2013 Show Poesia \u00e9 Risco no Lago da Palavra, com Cid Campos.<\/p>\n<p>Endere\u00e7o: Av. Paulista, 37 &#8211; Bela Vista<br \/>\n(11) 3251.5271<\/p>\n<p>Pinacoteca<\/p>\n<p>12h &#8211; Hist\u00f3rias contadas com Andi Rubinstein \u2013 Sala de Leitura<\/p>\n<p>16h &#8211; Maxixes e Choros com o grupo 4 Batutas \u2013 Atrium<\/p>\n<p>14h &#8211; Dan\u00e7a judaica com Grupo de Dan\u00e7a Tzion \u2013 P\u00e1tio 1<\/p>\n<p>19h &#8211; Musica e dan\u00e7a com Carla Sinisgalli \u2013 P\u00e1tio 1<\/p>\n<p>20h30 &#8211; Show dan\u00e7ante com a Big Band \u2013 P\u00e1tio 1<\/p>\n<p>Endere\u00e7o: Pra\u00e7a da Luz &#8211; Bom Retiro<br \/>\n(11) 3324.1000<\/p>\n<p>Trens da Linha 2 \u2013 Verde do Metr\u00f4<br \/>\nO Metr\u00f4 faz da linha 2- Verde um trajeto sonoro com apresenta\u00e7\u00f5es dentro dos trens. Sa\u00eddas da Esta\u00e7\u00e3o Vila Madalena at\u00e9 a Esta\u00e7\u00e3o Vila Prudente, com retorno para a Esta\u00e7\u00e3o Vila Madalena.<\/p>\n<p>23h &#8211; Grupo Gestos Sonoros e Andr\u00e9a Barbour<\/p>\n<p>00h &#8211; Dj Eduardo Namztin e DJ Ronnie Chvaicer<\/p>\n<p>Esta\u00e7\u00e3o Luz (Linha 1 \u2013 Azul do Metr\u00f4)<\/p>\n<p>20h &#8211; Dance 4All<\/p>\n<p>21h &#8211; Dj Eduardo Namztin<\/p>\n<p>Esta\u00e7\u00e3o Para\u00edso (Linha 1 \u2013 Azul do Metr\u00f4)<\/p>\n<p>20h &#8211; Sarau \u2013 Cia Ciabatta e Marcos Lopes<\/p>\n<p>Do Portal do Governo do Estado<\/p>\n","protected":false},"excerpt":{"rendered":"<p>Marcada para os dias 5 e 6 de maio, a Virada Cultural\u00a02012 da prefeitura de S\u00e3o Paulo ter\u00e1 programa\u00e7\u00e3o especial elaborada pelo Governo do Estado. Durante todo o final de semana e nas 24h do evento, os museus mantidos pela Secretaria de Estado da Cultura oferecem atividades culturais gratuitas e funcionam em hor\u00e1rio expandido. Confira [&hellip;]<\/p>\n","protected":false},"author":3,"featured_media":27918,"comment_status":"open","ping_status":"closed","sticky":false,"template":"","format":"standard","meta":{"tdm_status":"","tdm_grid_status":"","footnotes":""},"categories":[22],"tags":[],"class_list":{"0":"post-38987","1":"post","2":"type-post","3":"status-publish","4":"format-standard","5":"has-post-thumbnail","7":"category-brasil"},"_links":{"self":[{"href":"https:\/\/migracao.redenoticia.com.br\/noticia\/wp-json\/wp\/v2\/posts\/38987","targetHints":{"allow":["GET"]}}],"collection":[{"href":"https:\/\/migracao.redenoticia.com.br\/noticia\/wp-json\/wp\/v2\/posts"}],"about":[{"href":"https:\/\/migracao.redenoticia.com.br\/noticia\/wp-json\/wp\/v2\/types\/post"}],"author":[{"embeddable":true,"href":"https:\/\/migracao.redenoticia.com.br\/noticia\/wp-json\/wp\/v2\/users\/3"}],"replies":[{"embeddable":true,"href":"https:\/\/migracao.redenoticia.com.br\/noticia\/wp-json\/wp\/v2\/comments?post=38987"}],"version-history":[{"count":0,"href":"https:\/\/migracao.redenoticia.com.br\/noticia\/wp-json\/wp\/v2\/posts\/38987\/revisions"}],"wp:featuredmedia":[{"embeddable":true,"href":"https:\/\/migracao.redenoticia.com.br\/noticia\/wp-json\/wp\/v2\/media\/27918"}],"wp:attachment":[{"href":"https:\/\/migracao.redenoticia.com.br\/noticia\/wp-json\/wp\/v2\/media?parent=38987"}],"wp:term":[{"taxonomy":"category","embeddable":true,"href":"https:\/\/migracao.redenoticia.com.br\/noticia\/wp-json\/wp\/v2\/categories?post=38987"},{"taxonomy":"post_tag","embeddable":true,"href":"https:\/\/migracao.redenoticia.com.br\/noticia\/wp-json\/wp\/v2\/tags?post=38987"}],"curies":[{"name":"wp","href":"https:\/\/api.w.org\/{rel}","templated":true}]}}