{"id":38988,"date":"2012-05-04T17:45:23","date_gmt":"2012-05-04T20:45:23","guid":{"rendered":"http:\/\/www.redenoticia.com.br\/noticia\/?p=38988"},"modified":"2012-05-05T16:19:15","modified_gmt":"2012-05-05T19:19:15","slug":"unesp-ultima-semana-para-inscricao-no-vestibular-meio-de-ano","status":"publish","type":"post","link":"https:\/\/migracao.redenoticia.com.br\/noticia\/2012\/unesp-ultima-semana-para-inscricao-no-vestibular-meio-de-ano\/38988","title":{"rendered":"Unesp: \u00daltima semana para inscri\u00e7\u00e3o no Vestibular Meio de Ano"},"content":{"rendered":"<p><img loading=\"lazy\" decoding=\"async\" class=\"alignleft size-full wp-image-36244\" title=\"aluno vestibular\" src=\"https:\/\/migracao.redenoticia.com.br\/noticia\/imagens\/aluno-vestibular.jpg\" alt=\"\" width=\"300\" height=\"193\" srcset=\"https:\/\/migracao.redenoticia.com.br\/noticia\/imagens\/aluno-vestibular.jpg 300w, https:\/\/migracao.redenoticia.com.br\/noticia\/imagens\/aluno-vestibular-250x161.jpg 250w, https:\/\/migracao.redenoticia.com.br\/noticia\/imagens\/aluno-vestibular-150x97.jpg 150w\" sizes=\"auto, (max-width: 300px) 100vw, 300px\" \/>A Funda\u00e7\u00e3o para o Vestibular da <em><strong>Unesp<\/strong><\/em> (<em><strong>Vunesp<\/strong><\/em>) recebe at\u00e9 quinta-feira, 10, as inscri\u00e7\u00f5es para o <em><strong>Vestibular<\/strong><\/em> Meio de Ano. S\u00e3o oferecidas 465 vagas. Os candidatos devem se cadastrar no\u00a0<a href=\"http:\/\/www.vunesp.com.br\/\">site da Funda\u00e7\u00e3o<\/a>. A taxa \u00e9 de R$ 110,00. Vestibulandos treineiros pagar\u00e3o metade do valor.<\/p>\n<p>As carreiras oferecidas no meio de ano s\u00e3o Agronomia (Ilha Solteira e Registro), Geografia (Ourinhos), Zootecnia (Dracena e Ilha Solteira) e as Engenharias Ambiental (Sorocaba), Civil (Ilha Solteira), de Controle e Automa\u00e7\u00e3o (Sorocaba), de Produ\u00e7\u00e3o (Bauru), El\u00e9trica (Ilha Solteira) e Mec\u00e2nica (Ilha Solteira).<\/p>\n<p>A prova da primeira fase ser\u00e1 aplicada em 3 de junho, nas cidades onde h\u00e1 oferta de vagas e tamb\u00e9m em Campinas, Guaratinguet\u00e1, S\u00e3o Jos\u00e9 do Rio Preto e S\u00e3o Paulo. A convoca\u00e7\u00e3o para a segunda-fase sai no dia 15 de junho. As provas da etapa complementar est\u00e3o marcadas para os dias 23 e 24 de junho.<\/p>\n<p>Para composi\u00e7\u00e3o do resultado final, a ser divulgado em 12 de julho, a Unesp utilizar\u00e1 a nota do Exame Nacional do Ensino M\u00e9dio (Enem) 2010 ou 2011. O Manual do Candidato pode ser consultado nos sites da\u00a0<a href=\"http:\/\/www.vunesp.com.br\/\" target=\"_blank\">Vunesp<\/a>\u00a0e da\u00a0<a href=\"http:\/\/vestibular.unesp.br\/\">Unesp<\/a>. Mais informa\u00e7\u00f5es pelo Disque Vunesp &#8211; (11) 3874-6300, dispon\u00edvel nos dias \u00fateis, das 8h \u00e0s 20h.<\/p>\n<div>Do Portal do Governo do Estado<\/div>\n","protected":false},"excerpt":{"rendered":"<p>A Funda\u00e7\u00e3o para o Vestibular da Unesp (Vunesp) recebe at\u00e9 quinta-feira, 10, as inscri\u00e7\u00f5es para o Vestibular Meio de Ano. S\u00e3o oferecidas 465 vagas. Os candidatos devem se cadastrar no\u00a0site da Funda\u00e7\u00e3o. A taxa \u00e9 de R$ 110,00. Vestibulandos treineiros pagar\u00e3o metade do valor. As carreiras oferecidas no meio de ano s\u00e3o Agronomia (Ilha Solteira [&hellip;]<\/p>\n","protected":false},"author":3,"featured_media":36244,"comment_status":"open","ping_status":"closed","sticky":false,"template":"","format":"standard","meta":{"tdm_status":"","tdm_grid_status":"","footnotes":""},"categories":[22,370,295],"tags":[],"class_list":{"0":"post-38988","1":"post","2":"type-post","3":"status-publish","4":"format-standard","5":"has-post-thumbnail","7":"category-brasil","8":"category-inscricao","9":"category-vestibular"},"_links":{"self":[{"href":"https:\/\/migracao.redenoticia.com.br\/noticia\/wp-json\/wp\/v2\/posts\/38988","targetHints":{"allow":["GET"]}}],"collection":[{"href":"https:\/\/migracao.redenoticia.com.br\/noticia\/wp-json\/wp\/v2\/posts"}],"about":[{"href":"https:\/\/migracao.redenoticia.com.br\/noticia\/wp-json\/wp\/v2\/types\/post"}],"author":[{"embeddable":true,"href":"https:\/\/migracao.redenoticia.com.br\/noticia\/wp-json\/wp\/v2\/users\/3"}],"replies":[{"embeddable":true,"href":"https:\/\/migracao.redenoticia.com.br\/noticia\/wp-json\/wp\/v2\/comments?post=38988"}],"version-history":[{"count":0,"href":"https:\/\/migracao.redenoticia.com.br\/noticia\/wp-json\/wp\/v2\/posts\/38988\/revisions"}],"wp:featuredmedia":[{"embeddable":true,"href":"https:\/\/migracao.redenoticia.com.br\/noticia\/wp-json\/wp\/v2\/media\/36244"}],"wp:attachment":[{"href":"https:\/\/migracao.redenoticia.com.br\/noticia\/wp-json\/wp\/v2\/media?parent=38988"}],"wp:term":[{"taxonomy":"category","embeddable":true,"href":"https:\/\/migracao.redenoticia.com.br\/noticia\/wp-json\/wp\/v2\/categories?post=38988"},{"taxonomy":"post_tag","embeddable":true,"href":"https:\/\/migracao.redenoticia.com.br\/noticia\/wp-json\/wp\/v2\/tags?post=38988"}],"curies":[{"name":"wp","href":"https:\/\/api.w.org\/{rel}","templated":true}]}}