{"id":39010,"date":"2012-05-07T17:03:45","date_gmt":"2012-05-07T20:03:45","guid":{"rendered":"http:\/\/www.redenoticia.com.br\/noticia\/?p=39010"},"modified":"2012-05-07T17:03:48","modified_gmt":"2012-05-07T20:03:48","slug":"inscricoes-abertas-para-o-vestibular-da-unidade-itaquera-da-faculdade-santa-marcelina","status":"publish","type":"post","link":"https:\/\/migracao.redenoticia.com.br\/noticia\/2012\/inscricoes-abertas-para-o-vestibular-da-unidade-itaquera-da-faculdade-santa-marcelina\/39010","title":{"rendered":"Inscri\u00e7\u00f5es abertas para o vestibular da unidade Itaquera da Faculdade Santa Marcelina"},"content":{"rendered":"<p><a href=\"https:\/\/migracao.redenoticia.com.br\/noticia\/2011\/novas-universidades-e-institutos-federais-vao-abrir-850-mil-vagas\/36243\/aluno-vestibular\" rel=\"attachment wp-att-36244\"><img loading=\"lazy\" decoding=\"async\" class=\"alignleft size-full wp-image-36244\" title=\"aluno vestibular\" src=\"https:\/\/migracao.redenoticia.com.br\/noticia\/imagens\/aluno-vestibular.jpg\" alt=\"\" width=\"300\" height=\"193\" srcset=\"https:\/\/migracao.redenoticia.com.br\/noticia\/imagens\/aluno-vestibular.jpg 300w, https:\/\/migracao.redenoticia.com.br\/noticia\/imagens\/aluno-vestibular-250x161.jpg 250w, https:\/\/migracao.redenoticia.com.br\/noticia\/imagens\/aluno-vestibular-150x97.jpg 150w\" sizes=\"auto, (max-width: 300px) 100vw, 300px\" \/><\/a>A <em><strong>Faculdade Santa Marcelina<\/strong><\/em> (unidade Itaquera) est\u00e1 com as<em><strong> inscri\u00e7\u00f5es<\/strong><\/em> abertas para o <em><strong>Vestibular<\/strong><\/em> 2012. Mais informa\u00e7\u00f5es pelo portal<a href=\"http:\/\/www.fasm.edu.br\/\" target=\"_blank\">www.fasm.edu.br<\/a>.<\/p>\n<p>O vestibular da Faculdade Santa Marcelina (FASM \u2013 unidade Itaquera) ser\u00e1 realizado no dia 03 de junho, das 9h \u00e0s 12h, no pr\u00e9dio central da unidade, \u00e0 rua Cachoeira de Itupanema, 40. As inscri\u00e7\u00f5es ser\u00e3o at\u00e9 25 de maio e poder\u00e3o ser feitas atrav\u00e9s do portal da FASM (<a href=\"http:\/\/www.fasm.edu.br\/\" target=\"_blank\">www.fasm.edu.br<\/a>) ou na pr\u00f3pria faculdade. A taxa de inscri\u00e7\u00e3o \u00e9 de R$ 35,00.<\/p>\n<p>A FASM (unidade Itaquera) abrir\u00e1, no segundo semestre de 2012, novas turmas de gradua\u00e7\u00e3o nos cursos de Administra\u00e7\u00e3o \u2013 bacharelado; Ci\u00eancias Cont\u00e1beis \u2013 bacharelado; Enfermagem \u2013 bacharelado; Fisioterapia \u2013 bacharelado; Nutri\u00e7\u00e3o \u2013 bacharelado; e curso superior de Tecnologia em Radiologia.<\/p>\n<p>Medicina<br \/>\nA partir deste semestre, a FASM Itaquera tamb\u00e9m oferece o curso de Medicina. O vestibular, realizado pela Vunesp, ser\u00e1 realizado no dia 17 de junho, das 9h \u00e0s 13h. As inscri\u00e7\u00f5es ser\u00e3o at\u00e9 25 de maio e poder\u00e3o ser feitas atrav\u00e9s do site http:\/\/www.vunesp.com.br\/fstm1201\/. A taxa de inscri\u00e7\u00e3o \u00e9 de R$ 240,00.<\/p>\n<p>Mais informa\u00e7\u00f5es pelo portal ou na pr\u00f3pria institui\u00e7\u00e3o.<\/p>\n","protected":false},"excerpt":{"rendered":"<p>A Faculdade Santa Marcelina (unidade Itaquera) est\u00e1 com as inscri\u00e7\u00f5es abertas para o Vestibular 2012. Mais informa\u00e7\u00f5es pelo portalwww.fasm.edu.br. O vestibular da Faculdade Santa Marcelina (FASM \u2013 unidade Itaquera) ser\u00e1 realizado no dia 03 de junho, das 9h \u00e0s 12h, no pr\u00e9dio central da unidade, \u00e0 rua Cachoeira de Itupanema, 40. As inscri\u00e7\u00f5es ser\u00e3o at\u00e9 [&hellip;]<\/p>\n","protected":false},"author":5,"featured_media":36244,"comment_status":"open","ping_status":"closed","sticky":false,"template":"","format":"standard","meta":{"tdm_status":"","tdm_grid_status":"","footnotes":""},"categories":[22,370,295],"tags":[],"class_list":{"0":"post-39010","1":"post","2":"type-post","3":"status-publish","4":"format-standard","5":"has-post-thumbnail","7":"category-brasil","8":"category-inscricao","9":"category-vestibular"},"_links":{"self":[{"href":"https:\/\/migracao.redenoticia.com.br\/noticia\/wp-json\/wp\/v2\/posts\/39010","targetHints":{"allow":["GET"]}}],"collection":[{"href":"https:\/\/migracao.redenoticia.com.br\/noticia\/wp-json\/wp\/v2\/posts"}],"about":[{"href":"https:\/\/migracao.redenoticia.com.br\/noticia\/wp-json\/wp\/v2\/types\/post"}],"author":[{"embeddable":true,"href":"https:\/\/migracao.redenoticia.com.br\/noticia\/wp-json\/wp\/v2\/users\/5"}],"replies":[{"embeddable":true,"href":"https:\/\/migracao.redenoticia.com.br\/noticia\/wp-json\/wp\/v2\/comments?post=39010"}],"version-history":[{"count":0,"href":"https:\/\/migracao.redenoticia.com.br\/noticia\/wp-json\/wp\/v2\/posts\/39010\/revisions"}],"wp:featuredmedia":[{"embeddable":true,"href":"https:\/\/migracao.redenoticia.com.br\/noticia\/wp-json\/wp\/v2\/media\/36244"}],"wp:attachment":[{"href":"https:\/\/migracao.redenoticia.com.br\/noticia\/wp-json\/wp\/v2\/media?parent=39010"}],"wp:term":[{"taxonomy":"category","embeddable":true,"href":"https:\/\/migracao.redenoticia.com.br\/noticia\/wp-json\/wp\/v2\/categories?post=39010"},{"taxonomy":"post_tag","embeddable":true,"href":"https:\/\/migracao.redenoticia.com.br\/noticia\/wp-json\/wp\/v2\/tags?post=39010"}],"curies":[{"name":"wp","href":"https:\/\/api.w.org\/{rel}","templated":true}]}}