{"id":39013,"date":"2012-05-07T17:11:03","date_gmt":"2012-05-07T20:11:03","guid":{"rendered":"http:\/\/www.redenoticia.com.br\/noticia\/?p=39013"},"modified":"2012-05-07T17:11:06","modified_gmt":"2012-05-07T20:11:06","slug":"recursos-de-r-964-milhoes-sao-liberados-para-escolas","status":"publish","type":"post","link":"https:\/\/migracao.redenoticia.com.br\/noticia\/2012\/recursos-de-r-964-milhoes-sao-liberados-para-escolas\/39013","title":{"rendered":"Recursos de R$ 96,4 milh\u00f5es s\u00e3o liberados para escolas"},"content":{"rendered":"<div>\n<p><a href=\"https:\/\/migracao.redenoticia.com.br\/noticia\/2011\/institutos-federais-estao-autorizados-a-contratar-professores-e-tecnicos\/34748\/professor-2\" rel=\"attachment wp-att-34749\"><img loading=\"lazy\" decoding=\"async\" class=\"alignleft size-full wp-image-34749\" title=\"professor\" src=\"https:\/\/migracao.redenoticia.com.br\/noticia\/imagens\/professor1.jpg\" alt=\"\" width=\"300\" height=\"193\" srcset=\"https:\/\/migracao.redenoticia.com.br\/noticia\/imagens\/professor1.jpg 300w, https:\/\/migracao.redenoticia.com.br\/noticia\/imagens\/professor1-250x160.jpg 250w, https:\/\/migracao.redenoticia.com.br\/noticia\/imagens\/professor1-150x96.jpg 150w\" sizes=\"auto, (max-width: 300px) 100vw, 300px\" \/><\/a>Recursos de R$ 96,4 milh\u00f5es est\u00e3o liberados a partir desta segunda-feira, 7, a unidades de ensino de 26 unidades da Federa\u00e7\u00e3o atendidas pelo Programa Dinheiro Direto na Escola (PDDE). A maior parte do repasse contempla <strong><em>escolas p\u00fablicas<\/em><\/strong> municipais de S\u00e3o Paulo (R$ 15,2 milh\u00f5es), Cear\u00e1 (R$ 10,7 milh\u00f5es) e Bahia (R$ 10,1 milh\u00f5es).<\/p>\n<p>Criado em 1995, o PDDE presta assist\u00eancia financeira suplementar a escolas da rede p\u00fablica de educa\u00e7\u00e3o b\u00e1sica e a estabelecimentos particulares de educa\u00e7\u00e3o especial mantidos por entidades sem fins lucrativos. O dinheiro \u00e9 usado em melhorias na infraestrutura f\u00edsica e pedag\u00f3gica das unidades de ensino e no incentivo a gest\u00e3o escolar. Tamb\u00e9m pode ser destinado \u00e0 aquisi\u00e7\u00e3o de material de consumo e de bens permanentes.<\/p>\n<p>O programa promove ainda a acessibilidade nas escolas p\u00fablicas e financia a educa\u00e7\u00e3o integral. O or\u00e7amento para este ano \u00e9 de R$ 1,9 bilh\u00e3o. No ano passado, o Fundo Nacional de Desenvolvimento da Educa\u00e7\u00e3o (FNDE), respons\u00e1vel pela transfer\u00eancia de recursos, liberou mais de R$ 1,5 bilh\u00e3o a mais de 137 mil escolas.<\/p>\n<p>Os valores transferidos podem ser conferidos em detalhes na\u00a0<a href=\"https:\/\/www.fnde.gov.br\/pls\/simad\/internet_fnde.liberacoes_01_pc\" target=\"_blank\">p\u00e1gina do FNDE<\/a>\u00a0na internet.<\/p>\n<p>Assessoria de Comunica\u00e7\u00e3o Social do FNDE<\/p>\n<\/div>\n","protected":false},"excerpt":{"rendered":"<p>Recursos de R$ 96,4 milh\u00f5es est\u00e3o liberados a partir desta segunda-feira, 7, a unidades de ensino de 26 unidades da Federa\u00e7\u00e3o atendidas pelo Programa Dinheiro Direto na Escola (PDDE). A maior parte do repasse contempla escolas p\u00fablicas municipais de S\u00e3o Paulo (R$ 15,2 milh\u00f5es), Cear\u00e1 (R$ 10,7 milh\u00f5es) e Bahia (R$ 10,1 milh\u00f5es). Criado em [&hellip;]<\/p>\n","protected":false},"author":5,"featured_media":34749,"comment_status":"open","ping_status":"closed","sticky":false,"template":"","format":"standard","meta":{"tdm_status":"","tdm_grid_status":"","footnotes":""},"categories":[22],"tags":[],"class_list":{"0":"post-39013","1":"post","2":"type-post","3":"status-publish","4":"format-standard","5":"has-post-thumbnail","7":"category-brasil"},"_links":{"self":[{"href":"https:\/\/migracao.redenoticia.com.br\/noticia\/wp-json\/wp\/v2\/posts\/39013","targetHints":{"allow":["GET"]}}],"collection":[{"href":"https:\/\/migracao.redenoticia.com.br\/noticia\/wp-json\/wp\/v2\/posts"}],"about":[{"href":"https:\/\/migracao.redenoticia.com.br\/noticia\/wp-json\/wp\/v2\/types\/post"}],"author":[{"embeddable":true,"href":"https:\/\/migracao.redenoticia.com.br\/noticia\/wp-json\/wp\/v2\/users\/5"}],"replies":[{"embeddable":true,"href":"https:\/\/migracao.redenoticia.com.br\/noticia\/wp-json\/wp\/v2\/comments?post=39013"}],"version-history":[{"count":0,"href":"https:\/\/migracao.redenoticia.com.br\/noticia\/wp-json\/wp\/v2\/posts\/39013\/revisions"}],"wp:featuredmedia":[{"embeddable":true,"href":"https:\/\/migracao.redenoticia.com.br\/noticia\/wp-json\/wp\/v2\/media\/34749"}],"wp:attachment":[{"href":"https:\/\/migracao.redenoticia.com.br\/noticia\/wp-json\/wp\/v2\/media?parent=39013"}],"wp:term":[{"taxonomy":"category","embeddable":true,"href":"https:\/\/migracao.redenoticia.com.br\/noticia\/wp-json\/wp\/v2\/categories?post=39013"},{"taxonomy":"post_tag","embeddable":true,"href":"https:\/\/migracao.redenoticia.com.br\/noticia\/wp-json\/wp\/v2\/tags?post=39013"}],"curies":[{"name":"wp","href":"https:\/\/api.w.org\/{rel}","templated":true}]}}