{"id":39015,"date":"2012-05-07T17:15:26","date_gmt":"2012-05-07T20:15:26","guid":{"rendered":"http:\/\/www.redenoticia.com.br\/noticia\/?p=39015"},"modified":"2012-05-10T13:10:43","modified_gmt":"2012-05-10T16:10:43","slug":"fapesp-e-university-of-southern-california-lancam-chamada","status":"publish","type":"post","link":"https:\/\/migracao.redenoticia.com.br\/noticia\/2012\/fapesp-e-university-of-southern-california-lancam-chamada\/39015","title":{"rendered":"FAPESP e University of Southern California lan\u00e7am chamada"},"content":{"rendered":"<p><a href=\"https:\/\/migracao.redenoticia.com.br\/noticia\/2011\/etecs-terao-pos-tecnico-em-aplicativos-para-smartphones\/36261\/aluno-a\" rel=\"attachment wp-att-36262\"><img loading=\"lazy\" decoding=\"async\" class=\"alignleft size-full wp-image-36262\" title=\"aluno a\" src=\"https:\/\/migracao.redenoticia.com.br\/noticia\/imagens\/aluno-a.jpg\" alt=\"\" width=\"300\" height=\"193\" srcset=\"https:\/\/migracao.redenoticia.com.br\/noticia\/imagens\/aluno-a.jpg 300w, https:\/\/migracao.redenoticia.com.br\/noticia\/imagens\/aluno-a-250x161.jpg 250w, https:\/\/migracao.redenoticia.com.br\/noticia\/imagens\/aluno-a-150x97.jpg 150w\" sizes=\"auto, (max-width: 300px) 100vw, 300px\" \/><\/a>A FAPESP e a University of Southern California (USC)\u00a0lan\u00e7aram chamada de propostas para apoiar projetos que envolvam o interc\u00e2mbio de pesquisadores de acordo com o acordo de coopera\u00e7\u00e3o mantido pelas institui\u00e7\u00f5es.<\/p>\n<p>A chamada est\u00e1 aberta a pesquisadores vinculados \u00e0 University of Southern California e, pelo lado da FAPESP, ligados a institui\u00e7\u00f5es de ensino superior e de pesquisa no Estado de S\u00e3o Paulo que sejam pesquisadores principais de Aux\u00edlios \u00e0 Pesquisa Regular ou Tem\u00e1tico, Programa Jovens Pesquisadores em Centros Emergentes ou Centros de Pesquisa, Inova\u00e7\u00e3o e Difus\u00e3o (Cepid).<\/p>\n<p>As atividades previstas nas propostas apresentadas dever\u00e3o ter in\u00edcio durante o per\u00edodo do projeto principal apoiado pela FAPESP. A dura\u00e7\u00e3o m\u00e1xima de cada proposta dever\u00e1 ser de 12 meses.<\/p>\n<p>Poder\u00e3o ser recebidas\u00a0propostas em todas as \u00e1reas do conhecimento. A data limite para submiss\u00e3o de propostas \u00e9 29 de junho de 2012. Em 2013, as propostas ser\u00e3o recebidas at\u00e9 28 de junho.<\/p>\n<p>A FAPESP e a University of Southern California destinar\u00e3o, cada uma, US$ 10 mil por ano para apoiar as propostas selecionadas de modo a cobrir gastos relacionados com o projeto inclusive despesas de viagem.<\/p>\n<p>Mais informa\u00e7\u00f5es sobre a chamada:\u00a0<a href=\"http:\/\/www.fapesp.br\/en\/6943\" target=\"_blank\">www.fapesp.br\/en\/6943<\/a>.<\/p>\n","protected":false},"excerpt":{"rendered":"<p>A FAPESP e a University of Southern California (USC)\u00a0lan\u00e7aram chamada de propostas para apoiar projetos que envolvam o interc\u00e2mbio de pesquisadores de acordo com o acordo de coopera\u00e7\u00e3o mantido pelas institui\u00e7\u00f5es. A chamada est\u00e1 aberta a pesquisadores vinculados \u00e0 University of Southern California e, pelo lado da FAPESP, ligados a institui\u00e7\u00f5es de ensino superior e [&hellip;]<\/p>\n","protected":false},"author":5,"featured_media":36262,"comment_status":"open","ping_status":"closed","sticky":false,"template":"","format":"standard","meta":{"tdm_status":"","tdm_grid_status":"","footnotes":""},"categories":[22,370,295],"tags":[],"class_list":{"0":"post-39015","1":"post","2":"type-post","3":"status-publish","4":"format-standard","5":"has-post-thumbnail","7":"category-brasil","8":"category-inscricao","9":"category-vestibular"},"_links":{"self":[{"href":"https:\/\/migracao.redenoticia.com.br\/noticia\/wp-json\/wp\/v2\/posts\/39015","targetHints":{"allow":["GET"]}}],"collection":[{"href":"https:\/\/migracao.redenoticia.com.br\/noticia\/wp-json\/wp\/v2\/posts"}],"about":[{"href":"https:\/\/migracao.redenoticia.com.br\/noticia\/wp-json\/wp\/v2\/types\/post"}],"author":[{"embeddable":true,"href":"https:\/\/migracao.redenoticia.com.br\/noticia\/wp-json\/wp\/v2\/users\/5"}],"replies":[{"embeddable":true,"href":"https:\/\/migracao.redenoticia.com.br\/noticia\/wp-json\/wp\/v2\/comments?post=39015"}],"version-history":[{"count":0,"href":"https:\/\/migracao.redenoticia.com.br\/noticia\/wp-json\/wp\/v2\/posts\/39015\/revisions"}],"wp:featuredmedia":[{"embeddable":true,"href":"https:\/\/migracao.redenoticia.com.br\/noticia\/wp-json\/wp\/v2\/media\/36262"}],"wp:attachment":[{"href":"https:\/\/migracao.redenoticia.com.br\/noticia\/wp-json\/wp\/v2\/media?parent=39015"}],"wp:term":[{"taxonomy":"category","embeddable":true,"href":"https:\/\/migracao.redenoticia.com.br\/noticia\/wp-json\/wp\/v2\/categories?post=39015"},{"taxonomy":"post_tag","embeddable":true,"href":"https:\/\/migracao.redenoticia.com.br\/noticia\/wp-json\/wp\/v2\/tags?post=39015"}],"curies":[{"name":"wp","href":"https:\/\/api.w.org\/{rel}","templated":true}]}}