{"id":39018,"date":"2012-05-07T17:43:58","date_gmt":"2012-05-07T20:43:58","guid":{"rendered":"http:\/\/www.redenoticia.com.br\/noticia\/?p=39018"},"modified":"2012-05-07T17:44:01","modified_gmt":"2012-05-07T20:44:01","slug":"deficit-de-enfermeiros-no-brasil-abre-oportunidades-para-novos-profissionais","status":"publish","type":"post","link":"https:\/\/migracao.redenoticia.com.br\/noticia\/2012\/deficit-de-enfermeiros-no-brasil-abre-oportunidades-para-novos-profissionais\/39018","title":{"rendered":"D\u00e9ficit de enfermeiros no Brasil abre oportunidades para novos profissionais"},"content":{"rendered":"<p><a href=\"https:\/\/migracao.redenoticia.com.br\/noticia\/2011\/auditorias-nos-mamografos-do-sus\/35092\/saude-3\" rel=\"attachment wp-att-35093\"><img loading=\"lazy\" decoding=\"async\" class=\"alignleft size-full wp-image-35093\" title=\"saude\" src=\"https:\/\/migracao.redenoticia.com.br\/noticia\/imagens\/saude2.jpg\" alt=\"\" width=\"300\" height=\"193\" srcset=\"https:\/\/migracao.redenoticia.com.br\/noticia\/imagens\/saude2.jpg 300w, https:\/\/migracao.redenoticia.com.br\/noticia\/imagens\/saude2-250x160.jpg 250w, https:\/\/migracao.redenoticia.com.br\/noticia\/imagens\/saude2-150x96.jpg 150w\" sizes=\"auto, (max-width: 300px) 100vw, 300px\" \/><\/a>Setor apresenta vasto campo de atua\u00e7\u00e3o, desde assist\u00eancia a gerenciamento de equipes.\u00a0De acordo com estudo realizado em 40 pa\u00edses pela Organiza\u00e7\u00e3o e Coopera\u00e7\u00e3o para o Desenvolvimento Econ\u00f4mico (OECD na sigla em ingl\u00eas), existe no Brasil 0,9 <strong><em>enfermeiro<\/em><\/strong> para cada mil habitantes e 0,5 profissional para cada m\u00e9dico. O d\u00e9ficit de enfermeiros abre <em><strong>oportunidades<\/strong><\/em> para novos profissionais que desejam consolidar uma carreira na \u00e1rea da sa\u00fade e obter excelente coloca\u00e7\u00e3o no mercado de trabalho.<\/p>\n<p>Segundo a professora e doutora Maria do Carmo Avelar, diretora do curso de Enfermagem da Faculdade de Ci\u00eancias M\u00e9dicas da Santa Casa de S\u00e3o Paulo, egressos de cursos de enfermagem t\u00eam ocupado posi\u00e7\u00f5es de destaque no mercado, como na lideran\u00e7a de equipes de assist\u00eancia e em postos de gerenciamento de unidades e servi\u00e7os. \u201cO campo de atua\u00e7\u00e3o do enfermeiro \u00e9 vasto e garantido por lei. \u00c9 uma profiss\u00e3o integrada com os demais profissionais da sa\u00fade e tem como ess\u00eancia o cuidar e o cuidado\u201d, diz.<\/p>\n<p>Dessa forma, o enfermeiro pode desempenhar atividades assistenciais, de gerenciamento, ensino e pesquisa. Para se ter uma ideia da remunera\u00e7\u00e3o, no estado de S\u00e3o Paulo, o piso salarial do enfermeiro \u00e9 de R$ 2.050 na capital paulista e de R$ 1850 no interior.<br \/>\nUm importante nicho de trabalho, segundo a Dra. Maria do Carmo, \u00e9 a \u00e1rea assistencial, em que os profissionais podem desenvolver atividades em hospitais gerais e especializados, unidades b\u00e1sicas de sa\u00fade, ambulat\u00f3rios, creches, escolas, centros de conveni\u00eancia e de educa\u00e7\u00e3o infantil. Al\u00e9m de cl\u00ednicas de enfermagem e ONGs, no setor de gerenciamento de assist\u00eancia de enfermagem est\u00e3o dispon\u00edveis in\u00fameras frentes de trabalho. \u201cH\u00e1 oportunidades em departamentos, unidades cl\u00ednicas e cir\u00fargicas de hospitais, servi\u00e7os de sa\u00fade, unidades de diagn\u00f3sticos cl\u00ednicos e empresas em geral. Vale lembrar ainda a possibilidade dos servi\u00e7os de atendimento domicili\u00e1rio, co nsultorias, assessorias e auditorias em assuntos de enfermagem e da sa\u00fade em geral\u201d, conclui.<\/p>\n<p>Sobre a Faculdade de Ci\u00eancias M\u00e9dicas da Santa Casa de S\u00e3o Paulo: Tradicional institui\u00e7\u00e3o de Medicina, desde 1963, completar\u00e1 50 anos em 2013. Desde 2011, oferece tamb\u00e9m gradua\u00e7\u00e3o em Enfermagem e, desde 2002, em Fonoaudiologia, al\u00e9m de v\u00e1rios cursos de especializa\u00e7\u00f5es, mestrado e doutorado na P\u00f3s-Gradua\u00e7\u00e3o. Em sua infraestrutura, apresenta importantes laborat\u00f3rios como de Anatomia, Imunologia, Microbiologia, Farmacologia, Bioqu\u00edmica, T\u00e9cnica Cir\u00fargica, Fisiologia, Biologia Molecular, Cirurgia Experimental, Centro de Simuladores, al\u00e9m de ambulat\u00f3rios, enfermarias e Centros Cir\u00fargicos do Hospital da Santa Casa conveniado com a Faculdade. Visite o site:\u00a0<a href=\"http:\/\/www.fcmscsp.edu.br\/\" target=\"_blank\">www.fcmscsp.edu.br\u00a0<\/a><\/p>\n","protected":false},"excerpt":{"rendered":"<p>Setor apresenta vasto campo de atua\u00e7\u00e3o, desde assist\u00eancia a gerenciamento de equipes.\u00a0De acordo com estudo realizado em 40 pa\u00edses pela Organiza\u00e7\u00e3o e Coopera\u00e7\u00e3o para o Desenvolvimento Econ\u00f4mico (OECD na sigla em ingl\u00eas), existe no Brasil 0,9 enfermeiro para cada mil habitantes e 0,5 profissional para cada m\u00e9dico. O d\u00e9ficit de enfermeiros abre oportunidades para novos [&hellip;]<\/p>\n","protected":false},"author":5,"featured_media":35093,"comment_status":"open","ping_status":"closed","sticky":false,"template":"","format":"standard","meta":{"tdm_status":"","tdm_grid_status":"","footnotes":""},"categories":[22,5],"tags":[],"class_list":{"0":"post-39018","1":"post","2":"type-post","3":"status-publish","4":"format-standard","5":"has-post-thumbnail","7":"category-brasil","8":"category-saude-e-vida"},"_links":{"self":[{"href":"https:\/\/migracao.redenoticia.com.br\/noticia\/wp-json\/wp\/v2\/posts\/39018","targetHints":{"allow":["GET"]}}],"collection":[{"href":"https:\/\/migracao.redenoticia.com.br\/noticia\/wp-json\/wp\/v2\/posts"}],"about":[{"href":"https:\/\/migracao.redenoticia.com.br\/noticia\/wp-json\/wp\/v2\/types\/post"}],"author":[{"embeddable":true,"href":"https:\/\/migracao.redenoticia.com.br\/noticia\/wp-json\/wp\/v2\/users\/5"}],"replies":[{"embeddable":true,"href":"https:\/\/migracao.redenoticia.com.br\/noticia\/wp-json\/wp\/v2\/comments?post=39018"}],"version-history":[{"count":0,"href":"https:\/\/migracao.redenoticia.com.br\/noticia\/wp-json\/wp\/v2\/posts\/39018\/revisions"}],"wp:featuredmedia":[{"embeddable":true,"href":"https:\/\/migracao.redenoticia.com.br\/noticia\/wp-json\/wp\/v2\/media\/35093"}],"wp:attachment":[{"href":"https:\/\/migracao.redenoticia.com.br\/noticia\/wp-json\/wp\/v2\/media?parent=39018"}],"wp:term":[{"taxonomy":"category","embeddable":true,"href":"https:\/\/migracao.redenoticia.com.br\/noticia\/wp-json\/wp\/v2\/categories?post=39018"},{"taxonomy":"post_tag","embeddable":true,"href":"https:\/\/migracao.redenoticia.com.br\/noticia\/wp-json\/wp\/v2\/tags?post=39018"}],"curies":[{"name":"wp","href":"https:\/\/api.w.org\/{rel}","templated":true}]}}