{"id":39021,"date":"2012-05-08T18:51:02","date_gmt":"2012-05-08T21:51:02","guid":{"rendered":"http:\/\/www.redenoticia.com.br\/noticia\/?p=39021"},"modified":"2012-05-08T18:51:02","modified_gmt":"2012-05-08T21:51:02","slug":"relatorio-final-do-plano-nacional-de-educacao","status":"publish","type":"post","link":"https:\/\/migracao.redenoticia.com.br\/noticia\/2012\/relatorio-final-do-plano-nacional-de-educacao\/39021","title":{"rendered":"Relat\u00f3rio final do Plano Nacional de Educa\u00e7\u00e3o"},"content":{"rendered":"<p><img loading=\"lazy\" decoding=\"async\" class=\"alignleft size-full wp-image-36241\" title=\"professor b\" src=\"https:\/\/migracao.redenoticia.com.br\/noticia\/imagens\/professor-b.jpg\" alt=\"\" width=\"300\" height=\"193\" srcset=\"https:\/\/migracao.redenoticia.com.br\/noticia\/imagens\/professor-b.jpg 300w, https:\/\/migracao.redenoticia.com.br\/noticia\/imagens\/professor-b-250x161.jpg 250w, https:\/\/migracao.redenoticia.com.br\/noticia\/imagens\/professor-b-150x97.jpg 150w\" sizes=\"auto, (max-width: 300px) 100vw, 300px\" \/>Bras\u00edlia \u2013 O debate sobre o <em><strong>Plano Nacional de Educa\u00e7\u00e3o<\/strong><\/em> (PNE) na C\u00e2mara dos Deputados entrou na reta final. Os parlamentares que integram a comiss\u00e3o especial criada para avaliar a proposi\u00e7\u00e3o come\u00e7aram a discutir a \u00faltima vers\u00e3o do substitutivo do relator, deputado Angelo Vanhoni (PT-PR). Foram apresentados 102 destaques ao relat\u00f3rio at\u00e9 a tarde de hoje. A expectativa \u00e9 que a vota\u00e7\u00e3o seja conclu\u00edda at\u00e9 23 de junho.<\/p>\n<p>O PNE estabelece 20 metas educacionais que o pa\u00eds dever\u00e1 alcan\u00e7ar no prazo de dez anos \u2013 entre elas o aumento do atendimento em creche, a melhoria da qualidade da educa\u00e7\u00e3o e o crescimento do percentual da popula\u00e7\u00e3o com ensino superior.<\/p>\n<p>O ponto mais pol\u00eamico continua sendo a meta de investimento na \u00e1rea. O relat\u00f3rio de Vanhoni prop\u00f5e que o pa\u00eds amplie o gasto p\u00fablico em educa\u00e7\u00e3o dos atuais 5% do Produto Interno Bruto (PIB) para 7,5%. Mas entidades da \u00e1rea e parte dos membros da comiss\u00e3o pressionam para que esse patamar seja de 10%.<\/p>\n<p>\u201cH\u00e1 estudos que mostram que \u00e9 poss\u00edvel aumentar o investimento desde que se priorize a educa\u00e7\u00e3o\u201d, defendeu a deputada Dorinha Rezende (DEM-TO). A proposta do governo \u00e9 que seja mantido o \u00edndice apresentado pelo relator. Membros da comiss\u00e3o acreditam que haver\u00e1 orienta\u00e7\u00e3o para que os deputados da base n\u00e3o votem por um patamar superior.<\/p>\n<p>\u201cAcho que podemos avan\u00e7ar aqui mesmo na comiss\u00e3o a proposta dos 10%. Mas se a comiss\u00e3o achar que n\u00e3o \u00e9 poss\u00edvel vamos a plen\u00e1rio\u201d, defendeu o Deputado Izalci (PR-DF). Caso haja um pedido de requerimento com a assinatura de pelo menos 53 deputados, o relat\u00f3rio poder\u00e1 ser levado para vota\u00e7\u00e3o a plen\u00e1rio. Sen\u00e3o o projeto segue direto para o Senado.<\/p>\n<p>Vanhoni avaliou que \u00e9 dif\u00edcil iniciar a vota\u00e7\u00e3o na pr\u00f3xima semana. Ele pretende utilizar os pr\u00f3ximos dias para negociar poss\u00edveis mudan\u00e7as no texto com os parlamentares que apresentaram os destaques. Amanh\u00e3 a comiss\u00e3o volta a se reunir para continuar a discuss\u00e3o sobre o relat\u00f3rio.<\/p>\n<p>Hoje o F\u00f3rum Nacional de Educa\u00e7\u00e3o (FNE), grupo que re\u00fane representantes da sociedade civil, Poder Legislativo e Minist\u00e9rio da Educa\u00e7\u00e3o, divulgou uma nota pedindo a revis\u00e3o da meta de investimento para 10% do PIB.<\/p>\n<p>Amanda Cieglinski<br \/>\nRep\u00f3rter da Ag\u00eancia Brasil<\/p>\n<p>Edi\u00e7\u00e3o: Rivadavia Severo<\/p>\n","protected":false},"excerpt":{"rendered":"<p>Bras\u00edlia \u2013 O debate sobre o Plano Nacional de Educa\u00e7\u00e3o (PNE) na C\u00e2mara dos Deputados entrou na reta final. Os parlamentares que integram a comiss\u00e3o especial criada para avaliar a proposi\u00e7\u00e3o come\u00e7aram a discutir a \u00faltima vers\u00e3o do substitutivo do relator, deputado Angelo Vanhoni (PT-PR). Foram apresentados 102 destaques ao relat\u00f3rio at\u00e9 a tarde de [&hellip;]<\/p>\n","protected":false},"author":3,"featured_media":36241,"comment_status":"open","ping_status":"closed","sticky":false,"template":"","format":"standard","meta":{"tdm_status":"","tdm_grid_status":"","footnotes":""},"categories":[22],"tags":[],"class_list":{"0":"post-39021","1":"post","2":"type-post","3":"status-publish","4":"format-standard","5":"has-post-thumbnail","7":"category-brasil"},"_links":{"self":[{"href":"https:\/\/migracao.redenoticia.com.br\/noticia\/wp-json\/wp\/v2\/posts\/39021","targetHints":{"allow":["GET"]}}],"collection":[{"href":"https:\/\/migracao.redenoticia.com.br\/noticia\/wp-json\/wp\/v2\/posts"}],"about":[{"href":"https:\/\/migracao.redenoticia.com.br\/noticia\/wp-json\/wp\/v2\/types\/post"}],"author":[{"embeddable":true,"href":"https:\/\/migracao.redenoticia.com.br\/noticia\/wp-json\/wp\/v2\/users\/3"}],"replies":[{"embeddable":true,"href":"https:\/\/migracao.redenoticia.com.br\/noticia\/wp-json\/wp\/v2\/comments?post=39021"}],"version-history":[{"count":0,"href":"https:\/\/migracao.redenoticia.com.br\/noticia\/wp-json\/wp\/v2\/posts\/39021\/revisions"}],"wp:featuredmedia":[{"embeddable":true,"href":"https:\/\/migracao.redenoticia.com.br\/noticia\/wp-json\/wp\/v2\/media\/36241"}],"wp:attachment":[{"href":"https:\/\/migracao.redenoticia.com.br\/noticia\/wp-json\/wp\/v2\/media?parent=39021"}],"wp:term":[{"taxonomy":"category","embeddable":true,"href":"https:\/\/migracao.redenoticia.com.br\/noticia\/wp-json\/wp\/v2\/categories?post=39021"},{"taxonomy":"post_tag","embeddable":true,"href":"https:\/\/migracao.redenoticia.com.br\/noticia\/wp-json\/wp\/v2\/tags?post=39021"}],"curies":[{"name":"wp","href":"https:\/\/api.w.org\/{rel}","templated":true}]}}