{"id":39025,"date":"2012-05-08T19:03:11","date_gmt":"2012-05-08T22:03:11","guid":{"rendered":"http:\/\/www.redenoticia.com.br\/noticia\/?p=39025"},"modified":"2012-05-08T19:04:03","modified_gmt":"2012-05-08T22:04:03","slug":"faltam-poucos-dias-para-a-virada-cultural-paulista","status":"publish","type":"post","link":"https:\/\/migracao.redenoticia.com.br\/noticia\/2012\/faltam-poucos-dias-para-a-virada-cultural-paulista\/39025","title":{"rendered":"Faltam poucos dias para a Virada Cultural Paulista"},"content":{"rendered":"<p><img loading=\"lazy\" decoding=\"async\" class=\"alignleft size-full wp-image-27918\" title=\"virada cultural sp\" src=\"https:\/\/migracao.redenoticia.com.br\/noticia\/imagens\/virada-cultural-sp-2010.jpg\" alt=\"\" width=\"300\" height=\"193\" srcset=\"https:\/\/migracao.redenoticia.com.br\/noticia\/imagens\/virada-cultural-sp-2010.jpg 300w, https:\/\/migracao.redenoticia.com.br\/noticia\/imagens\/virada-cultural-sp-2010-250x160.jpg 250w, https:\/\/migracao.redenoticia.com.br\/noticia\/imagens\/virada-cultural-sp-2010-150x96.jpg 150w\" sizes=\"auto, (max-width: 300px) 100vw, 300px\" \/>A Secretaria de Estado da Cultura realiza, nos dias 19 e 20 de maio, a <em><strong>Virada Cultural Paulista<\/strong><\/em>, que re\u00fane grandes nomes da m\u00fasica mundial em 27 cidades do Estado. Atra\u00e7\u00f5es gratuitas de teatro, dan\u00e7a, performances e interven\u00e7\u00f5es art\u00edsticas, stand up comedy, circo e cultura popular tamb\u00e9m integram a programa\u00e7\u00e3o.<\/p>\n<p>Em sua 6\u00aa edi\u00e7\u00e3o, o evento acontece simultaneamente nas cidades de Americana, Ara\u00e7atuba, Araraquara, Assis, Barretos, Bauru, Botucatu, Campinas, Caraguatatuba, Diadema, Franca, Indaiatuba, Jundia\u00ed, Mar\u00edlia, Mogi das Cruzes, Mogi-Gua\u00e7u, Piracicaba, Presidente Prudente, Santa B\u00e1rbara D\u2019Oeste, Santos, Santo Andr\u00e9, S\u00e3o Caetano do Sul, S\u00e3o Carlos, S\u00e3o Jo\u00e3o da Boa Vista, S\u00e3o Jos\u00e9 do Rio Preto, S\u00e3o Jos\u00e9 dos Campos e Sorocaba.<\/p>\n<p>Pela primeira vez, Santo Andr\u00e9, S\u00e3o Caetano do Sul e Diadema recebem a Virada Cultural Paulista, em car\u00e1ter regional, numa parceria firmada entre a Secretaria de Estado de Cultura e o Cons\u00f3rcio Intermunicipal Grande ABC.<\/p>\n<p>Na programa\u00e7\u00e3o, nomes consagrados da m\u00fasica brasileira, como Dominguinhos, Luiz Melodia, Z\u00e9lia Duncan, Lob\u00e3o, Ultraje a Rigor, Tit\u00e3s e Pitty, com o projeto Agridoce em parceria com o guitarrista Martin. Alguns artistas participam pela primeira vez do evento, como Gal Costa, que apresenta o novo show \u201cRecanto\u201d, al\u00e9m de Nando Reis, Emicida, Planta e Raiz, Roberta S\u00e1 e a rainha do tecnobrega, Gaby Amarantos.<\/p>\n<p>Destaque tamb\u00e9m para jovens talentos como Filipe Catto, a dupla carioca Letuce, Daniel Gonzaga, Marcelo Jeneci, Thiago Pethit, Tulipa Ruiz, Mariana Aydar, Gabriel Sater, Karina Buhr, Nina Becker e 5 a Seco. Do cen\u00e1rio internacional, shows de Ky-Mani Marley e Fernando Ferrer, al\u00e9m de Arto Lindsay, que participa do show da paulistana Cibelle<\/p>\n<p>Na programa\u00e7\u00e3o de espet\u00e1culos de teatro, pe\u00e7as como \u201cRJ de Shakespeare \u2013 Juventude Interrompida\u201d, em S\u00e3o Jo\u00e3o da Boa Vista; \u201cAlguns Blues do Tennesse\u201d, do Grupo Tapa em Indaiatuba; \u201cO Bosque\u201d, dirigido pelo italiano Alvise Camozzi em Mogi das Cruzes e \u201cAlgu\u00e9m Acaba de Morrer L\u00e1 Fora\u201d, com Luc\u00e9lia Santos sendo dirigida pela primeira vez por seu filho Pedro Neschling, em Santa B\u00e1rbara D\u2019Oeste.<\/p>\n<p>Do Portal do Governo do Estado<\/p>\n","protected":false},"excerpt":{"rendered":"<p>A Secretaria de Estado da Cultura realiza, nos dias 19 e 20 de maio, a Virada Cultural Paulista, que re\u00fane grandes nomes da m\u00fasica mundial em 27 cidades do Estado. Atra\u00e7\u00f5es gratuitas de teatro, dan\u00e7a, performances e interven\u00e7\u00f5es art\u00edsticas, stand up comedy, circo e cultura popular tamb\u00e9m integram a programa\u00e7\u00e3o. Em sua 6\u00aa edi\u00e7\u00e3o, o [&hellip;]<\/p>\n","protected":false},"author":3,"featured_media":27918,"comment_status":"open","ping_status":"closed","sticky":false,"template":"","format":"standard","meta":{"tdm_status":"","tdm_grid_status":"","footnotes":""},"categories":[22],"tags":[],"class_list":{"0":"post-39025","1":"post","2":"type-post","3":"status-publish","4":"format-standard","5":"has-post-thumbnail","7":"category-brasil"},"_links":{"self":[{"href":"https:\/\/migracao.redenoticia.com.br\/noticia\/wp-json\/wp\/v2\/posts\/39025","targetHints":{"allow":["GET"]}}],"collection":[{"href":"https:\/\/migracao.redenoticia.com.br\/noticia\/wp-json\/wp\/v2\/posts"}],"about":[{"href":"https:\/\/migracao.redenoticia.com.br\/noticia\/wp-json\/wp\/v2\/types\/post"}],"author":[{"embeddable":true,"href":"https:\/\/migracao.redenoticia.com.br\/noticia\/wp-json\/wp\/v2\/users\/3"}],"replies":[{"embeddable":true,"href":"https:\/\/migracao.redenoticia.com.br\/noticia\/wp-json\/wp\/v2\/comments?post=39025"}],"version-history":[{"count":0,"href":"https:\/\/migracao.redenoticia.com.br\/noticia\/wp-json\/wp\/v2\/posts\/39025\/revisions"}],"wp:featuredmedia":[{"embeddable":true,"href":"https:\/\/migracao.redenoticia.com.br\/noticia\/wp-json\/wp\/v2\/media\/27918"}],"wp:attachment":[{"href":"https:\/\/migracao.redenoticia.com.br\/noticia\/wp-json\/wp\/v2\/media?parent=39025"}],"wp:term":[{"taxonomy":"category","embeddable":true,"href":"https:\/\/migracao.redenoticia.com.br\/noticia\/wp-json\/wp\/v2\/categories?post=39025"},{"taxonomy":"post_tag","embeddable":true,"href":"https:\/\/migracao.redenoticia.com.br\/noticia\/wp-json\/wp\/v2\/tags?post=39025"}],"curies":[{"name":"wp","href":"https:\/\/api.w.org\/{rel}","templated":true}]}}