{"id":39049,"date":"2012-05-09T18:28:00","date_gmt":"2012-05-09T21:28:00","guid":{"rendered":"http:\/\/www.redenoticia.com.br\/noticia\/?p=39049"},"modified":"2012-05-09T18:28:02","modified_gmt":"2012-05-09T21:28:02","slug":"governador-autoriza-doacao-a-unesp-da-area-do-campus-de-rio-claro","status":"publish","type":"post","link":"https:\/\/migracao.redenoticia.com.br\/noticia\/2012\/governador-autoriza-doacao-a-unesp-da-area-do-campus-de-rio-claro\/39049","title":{"rendered":"Governador autoriza doa\u00e7\u00e3o \u00e0 Unesp da \u00e1rea do campus de Rio Claro"},"content":{"rendered":"<p><a href=\"https:\/\/migracao.redenoticia.com.br\/noticia\/2011\/etecs-terao-pos-tecnico-em-aplicativos-para-smartphones\/36261\/aluno-a\" rel=\"attachment wp-att-36262\"><img loading=\"lazy\" decoding=\"async\" class=\"alignleft size-full wp-image-36262\" title=\"aluno a\" src=\"https:\/\/migracao.redenoticia.com.br\/noticia\/imagens\/aluno-a.jpg\" alt=\"\" width=\"300\" height=\"193\" srcset=\"https:\/\/migracao.redenoticia.com.br\/noticia\/imagens\/aluno-a.jpg 300w, https:\/\/migracao.redenoticia.com.br\/noticia\/imagens\/aluno-a-250x161.jpg 250w, https:\/\/migracao.redenoticia.com.br\/noticia\/imagens\/aluno-a-150x97.jpg 150w\" sizes=\"auto, (max-width: 300px) 100vw, 300px\" \/><\/a>Transfer\u00eancia incorpora oficialmente \u00e1rea ao patrim\u00f4nio da Universidade.\u00a0O governador Geraldo Alckmin sancionou nesta quarta-feira, 9 de maio, em <em><strong>Rio Claro<\/strong><\/em>, o projeto de lei que autoriza a doa\u00e7\u00e3o \u00e0 <strong><em>Unesp<\/em><\/strong> (Universidade Estadual Paulista) do terreno onde est\u00e1 instalado o campus de Rio Claro, no bairro Bela Vista. Com a transfer\u00eancia, a \u00e1rea de mais de 1 milh\u00e3o m\u00b2 ser\u00e1 oficialmente incorporada ao patrim\u00f4nio da universidade. No local funcionam o Instituto de Bioci\u00eancias, o Instituto de Geoci\u00eancias e Ci\u00eancias Exatas e o Centro de Estudos Ambientais.<\/p>\n<p>\u201cUm dos principais campus da Unesp \u00e9 aqui em Rio Claro, e n\u00e3o tinha posse do terreno. Promulgamos a lei que faz a transfer\u00eancia desse terreno para a Unesp. Isso vai possibilitar \u00e0 universidade criar novos cursos, ampliar o campus e poder expandir um dos principais campus do Estado de S\u00e3o Paulo\u201d, destacou Alckmin.<\/p>\n<p>Na ocasi\u00e3o, o governador tamb\u00e9m anunciou a san\u00e7\u00e3o da Lei 14.769\/2012, que autoriza a Fazenda do Estado a alienar, mediante doa\u00e7\u00e3o, \u00e0 Uni\u00e3o, \u00e1rea com 10.000 m\u00b2 para instala\u00e7\u00e3o da Vara do Trabalho.<\/p>\n<p>Hist\u00f3rico<br \/>\nA origem do campus de Rio Claro da Unesp est\u00e1 na Faculdade de Filosofia Ci\u00eancias e Letras de Rio Claro (Fafi), criada em julho de 1957. Em 1958, come\u00e7aram a funcionar os primeiros cursos: Hist\u00f3ria Natural, Geografia, Matem\u00e1tica e Pedagogia. Com a cria\u00e7\u00e3o da Unesp em 30 de janeiro de 1976, a Fafi foi incorporada \u00e0 Universidade. Em 1977, o Estatuto da Unesp decretou a cria\u00e7\u00e3o do campus de Rio Claro com dois Institutos: o de Bioci\u00eancias (IB) e o de Geoci\u00eancias e Ci\u00eancias Exatas (IGCE).<\/p>\n<p>O IB \u00e9 constitu\u00eddo por sete departamentos: Biologia; Bioqu\u00edmica e Microbiologia; Bot\u00e2nica; Ecologia; Educa\u00e7\u00e3o; Educa\u00e7\u00e3o F\u00edsica e Zoologia. Oferece os seguintes cursos de gradua\u00e7\u00e3o: Ci\u00eancias Biol\u00f3gicas (integral e noturno); Ecologia (integral); Educa\u00e7\u00e3o F\u00edsica (integral); e Pedagogia (noturno). Na p\u00f3s-gradua\u00e7\u00e3o, tem os seguintes Programas: Biologia Celular e Molecular; Biologia Vegetal; Ci\u00eancias da Motricidade; Educa\u00e7\u00e3o; Microbiologia Aplicada e Zoologia; e Desenvolvimento Humano e Tecnologias. O IB possui atualmente 121 professores, 201 servidores, 1.053 alunos na gradua\u00e7\u00e3o e 548 na p\u00f3s-gradua\u00e7\u00e3o.<\/p>\n<p>O IGCE tem sete departamentos: Planejamento Territorial e Geoprocessamento Estat\u00edstica, Matem\u00e1tica Aplicada e Computacional, F\u00edsica, Geografia, Geologia Aplicada, Matem\u00e1tica, e Petrologia e Metalogenia. Tem os seguintes cursos de gradua\u00e7\u00e3o: Ci\u00eancia da Computa\u00e7\u00e3o (integral e noturno); Engenharia Ambiental (integral); F\u00edsica (integral); Geografia (integral e noturno); Geologia (integral) e Matem\u00e1tica (integral). Na p\u00f3s-gradua\u00e7\u00e3o, oferece os programas de Geografia; Geologia Regional; Geoci\u00eancias e Meio Ambiente; Educa\u00e7\u00e3o Matem\u00e1tica; F\u00edsica; e Matem\u00e1tica. O IGCE possui 135 professores, 209 servidores, 1.488 alunos na gradua\u00e7\u00e3o e 561 na p\u00f3s-gradua\u00e7\u00e3o.<\/p>\n","protected":false},"excerpt":{"rendered":"<p>Transfer\u00eancia incorpora oficialmente \u00e1rea ao patrim\u00f4nio da Universidade.\u00a0O governador Geraldo Alckmin sancionou nesta quarta-feira, 9 de maio, em Rio Claro, o projeto de lei que autoriza a doa\u00e7\u00e3o \u00e0 Unesp (Universidade Estadual Paulista) do terreno onde est\u00e1 instalado o campus de Rio Claro, no bairro Bela Vista. Com a transfer\u00eancia, a \u00e1rea de mais de [&hellip;]<\/p>\n","protected":false},"author":5,"featured_media":36262,"comment_status":"open","ping_status":"closed","sticky":false,"template":"","format":"standard","meta":{"tdm_status":"","tdm_grid_status":"","footnotes":""},"categories":[22],"tags":[],"class_list":{"0":"post-39049","1":"post","2":"type-post","3":"status-publish","4":"format-standard","5":"has-post-thumbnail","7":"category-brasil"},"_links":{"self":[{"href":"https:\/\/migracao.redenoticia.com.br\/noticia\/wp-json\/wp\/v2\/posts\/39049","targetHints":{"allow":["GET"]}}],"collection":[{"href":"https:\/\/migracao.redenoticia.com.br\/noticia\/wp-json\/wp\/v2\/posts"}],"about":[{"href":"https:\/\/migracao.redenoticia.com.br\/noticia\/wp-json\/wp\/v2\/types\/post"}],"author":[{"embeddable":true,"href":"https:\/\/migracao.redenoticia.com.br\/noticia\/wp-json\/wp\/v2\/users\/5"}],"replies":[{"embeddable":true,"href":"https:\/\/migracao.redenoticia.com.br\/noticia\/wp-json\/wp\/v2\/comments?post=39049"}],"version-history":[{"count":0,"href":"https:\/\/migracao.redenoticia.com.br\/noticia\/wp-json\/wp\/v2\/posts\/39049\/revisions"}],"wp:featuredmedia":[{"embeddable":true,"href":"https:\/\/migracao.redenoticia.com.br\/noticia\/wp-json\/wp\/v2\/media\/36262"}],"wp:attachment":[{"href":"https:\/\/migracao.redenoticia.com.br\/noticia\/wp-json\/wp\/v2\/media?parent=39049"}],"wp:term":[{"taxonomy":"category","embeddable":true,"href":"https:\/\/migracao.redenoticia.com.br\/noticia\/wp-json\/wp\/v2\/categories?post=39049"},{"taxonomy":"post_tag","embeddable":true,"href":"https:\/\/migracao.redenoticia.com.br\/noticia\/wp-json\/wp\/v2\/tags?post=39049"}],"curies":[{"name":"wp","href":"https:\/\/api.w.org\/{rel}","templated":true}]}}