{"id":39067,"date":"2012-05-10T11:56:52","date_gmt":"2012-05-10T14:56:52","guid":{"rendered":"http:\/\/www.redenoticia.com.br\/noticia\/?p=39067"},"modified":"2012-05-10T11:56:52","modified_gmt":"2012-05-10T14:56:52","slug":"mulheres-mil-instituicao-canadense-participa-de-encontro","status":"publish","type":"post","link":"https:\/\/migracao.redenoticia.com.br\/noticia\/2012\/mulheres-mil-instituicao-canadense-participa-de-encontro\/39067","title":{"rendered":"Mulheres Mil &#8211; institui\u00e7\u00e3o canadense participa de encontro"},"content":{"rendered":"<p><img loading=\"lazy\" decoding=\"async\" class=\"alignleft size-full wp-image-36177\" title=\"mulher mil\" src=\"https:\/\/migracao.redenoticia.com.br\/noticia\/imagens\/mulher-mil.jpg\" alt=\"\" width=\"300\" height=\"193\" srcset=\"https:\/\/migracao.redenoticia.com.br\/noticia\/imagens\/mulher-mil.jpg 300w, https:\/\/migracao.redenoticia.com.br\/noticia\/imagens\/mulher-mil-250x161.jpg 250w, https:\/\/migracao.redenoticia.com.br\/noticia\/imagens\/mulher-mil-150x97.jpg 150w\" sizes=\"auto, (max-width: 300px) 100vw, 300px\" \/>Representantes do instituto canadense Niagara College, de institutos federais de dez unidades da Federa\u00e7\u00e3o, da Secretaria de Educa\u00e7\u00e3o Profissional e Tecnol\u00f3gica (Setec) do Minist\u00e9rio da Educa\u00e7\u00e3o, realizaram um semin\u00e1rio no campus Taguatinga Centro, do Instituto Federal de Bras\u00edlia, para estruturar pesquisas a serem desenvolvidas com o Programa <em><strong>Mulheres Mil<\/strong><\/em>.<\/p>\n<p>De acordo com o coordenador geral de pesquisa e extens\u00e3o do campus Taguatinga Centro, Francisco Nunes dos Reis Junior, essas pesquisas devem tratar, de maneira ampla, da avalia\u00e7\u00e3o de projetos sociais, e 12 projetos do Mulheres Mil, j\u00e1 encerrados, devem ser utilizados como estudos de caso. Entre as quest\u00f5es a serem analisadas pelas pesquisas, devem estar a aplica\u00e7\u00e3o da metodologia do programa e os casos de sucesso ou insucesso.<\/p>\n<p>A previs\u00e3o \u00e9 de que as pesquisas tenham dura\u00e7\u00e3o de aproximadamente tr\u00eas anos e encerrem-se em 2014. O International Development Research Center (IDRC), \u00f3rg\u00e3o ligado ao governo canadense, vai financiar as pesquisas, que ser\u00e3o desenvolvidas pelo Institutos Federais de Bras\u00edlia, do Cear\u00e1, da Bahia, da Para\u00edba, de Pernambuco, do Piau\u00ed, do Rio Grande do Norte, de Roraima, do Tocantins, do Maranh\u00e3o, de Sergipe e do Amazonas.<\/p>\n<p>De acordo com Natalee Tokar, representante do Niagara College que veio ao Brasil para participar das discuss\u00f5es no instituto de Bras\u00edlia, o objetivo das institui\u00e7\u00f5es canadenses \u2013 agora \u2013 \u00e9 utilizar as experi\u00eancias com o Programa Mulheres Mil para desenvolver a pesquisa aplicada. Segundo ela, o que se pretende com essas a\u00e7\u00f5es \u00e9 estabelecer uma metodologia de avalia\u00e7\u00e3o de projetos sociais, algo como um \u00edndice, que possibilite medir programas sociais.<\/p>\n<p>Ela ressalta que o Canad\u00e1 j\u00e1 investiu de forma significativa na implementa\u00e7\u00e3o do Programa Mulheres Mil e que, a partir dessa nova meta, o que se busca \u00e9 avaliar os trabalhos que j\u00e1 foram realizados e analisar casos que deram certo, al\u00e9m de projetos que deixaram lacunas entre a necessidade das mulheres e o planejado pelas institui\u00e7\u00f5es aplicadoras.<\/p>\n<p>Brasil &#8211; Eudna Ara\u00fajo Baby, do Instituto Federal da Para\u00edba, relata que, naquela institui\u00e7\u00e3o, j\u00e1 foi formado um grupo de pesquisa que vai compor essa etapa do projeto. Atualmente aquele instituto mant\u00e9m um projeto do Mulheres Mil que atende 100 mulheres, 50 sendo preparadas no curso de cuidador de idoso e 50 como operadoras de processamento de pescado.<\/p>\n<p>O IFPB foi um dos institutos que participaram do projeto-piloto do Programa Mulheres Mil, ent\u00e3o financiado pelo governo canadense, antes do governo brasileiro adotar a metodologia e estabelecer a meta de atender 100 mil brasileiras at\u00e9 2014.<\/p>\n<p>Essa experi\u00eancia pioneira de institutos como o da Para\u00edba ser\u00e1 agora utilizado na busca de conhecimento sobre projetos sociais.<\/p>\n<p>Assessoria de Imprensa do Instituto Federal de Bras\u00edlia<\/p>\n","protected":false},"excerpt":{"rendered":"<p>Representantes do instituto canadense Niagara College, de institutos federais de dez unidades da Federa\u00e7\u00e3o, da Secretaria de Educa\u00e7\u00e3o Profissional e Tecnol\u00f3gica (Setec) do Minist\u00e9rio da Educa\u00e7\u00e3o, realizaram um semin\u00e1rio no campus Taguatinga Centro, do Instituto Federal de Bras\u00edlia, para estruturar pesquisas a serem desenvolvidas com o Programa Mulheres Mil. De acordo com o coordenador geral [&hellip;]<\/p>\n","protected":false},"author":3,"featured_media":36177,"comment_status":"open","ping_status":"closed","sticky":false,"template":"","format":"standard","meta":{"tdm_status":"","tdm_grid_status":"","footnotes":""},"categories":[22],"tags":[],"class_list":{"0":"post-39067","1":"post","2":"type-post","3":"status-publish","4":"format-standard","5":"has-post-thumbnail","7":"category-brasil"},"_links":{"self":[{"href":"https:\/\/migracao.redenoticia.com.br\/noticia\/wp-json\/wp\/v2\/posts\/39067","targetHints":{"allow":["GET"]}}],"collection":[{"href":"https:\/\/migracao.redenoticia.com.br\/noticia\/wp-json\/wp\/v2\/posts"}],"about":[{"href":"https:\/\/migracao.redenoticia.com.br\/noticia\/wp-json\/wp\/v2\/types\/post"}],"author":[{"embeddable":true,"href":"https:\/\/migracao.redenoticia.com.br\/noticia\/wp-json\/wp\/v2\/users\/3"}],"replies":[{"embeddable":true,"href":"https:\/\/migracao.redenoticia.com.br\/noticia\/wp-json\/wp\/v2\/comments?post=39067"}],"version-history":[{"count":0,"href":"https:\/\/migracao.redenoticia.com.br\/noticia\/wp-json\/wp\/v2\/posts\/39067\/revisions"}],"wp:featuredmedia":[{"embeddable":true,"href":"https:\/\/migracao.redenoticia.com.br\/noticia\/wp-json\/wp\/v2\/media\/36177"}],"wp:attachment":[{"href":"https:\/\/migracao.redenoticia.com.br\/noticia\/wp-json\/wp\/v2\/media?parent=39067"}],"wp:term":[{"taxonomy":"category","embeddable":true,"href":"https:\/\/migracao.redenoticia.com.br\/noticia\/wp-json\/wp\/v2\/categories?post=39067"},{"taxonomy":"post_tag","embeddable":true,"href":"https:\/\/migracao.redenoticia.com.br\/noticia\/wp-json\/wp\/v2\/tags?post=39067"}],"curies":[{"name":"wp","href":"https:\/\/api.w.org\/{rel}","templated":true}]}}