{"id":39080,"date":"2012-05-11T16:18:41","date_gmt":"2012-05-11T19:18:41","guid":{"rendered":"http:\/\/www.redenoticia.com.br\/noticia\/?p=39080"},"modified":"2012-05-11T16:51:53","modified_gmt":"2012-05-11T19:51:53","slug":"izabella-teixeira-ministerio-do-meio-ambiente-esta-avaliando-melhor-tipo-de-veto-para-codigo-florestal","status":"publish","type":"post","link":"https:\/\/migracao.redenoticia.com.br\/noticia\/2012\/izabella-teixeira-ministerio-do-meio-ambiente-esta-avaliando-melhor-tipo-de-veto-para-codigo-florestal\/39080","title":{"rendered":"Minist\u00e9rio do Meio Ambiente est\u00e1 avaliando melhor tipo de veto para C\u00f3digo Florestal"},"content":{"rendered":"<p><a href=\"https:\/\/migracao.redenoticia.com.br\/noticia\/2011\/relatorio-final-sobre-o-codigo-florestal\/34904\/codigo-florestal\" rel=\"attachment wp-att-34905\"><img loading=\"lazy\" decoding=\"async\" class=\"alignleft size-full wp-image-34905\" title=\"codigo florestal\" src=\"https:\/\/migracao.redenoticia.com.br\/noticia\/imagens\/codigo-florestal.jpg\" alt=\"\" width=\"300\" height=\"193\" srcset=\"https:\/\/migracao.redenoticia.com.br\/noticia\/imagens\/codigo-florestal.jpg 300w, https:\/\/migracao.redenoticia.com.br\/noticia\/imagens\/codigo-florestal-250x160.jpg 250w, https:\/\/migracao.redenoticia.com.br\/noticia\/imagens\/codigo-florestal-150x96.jpg 150w\" sizes=\"auto, (max-width: 300px) 100vw, 300px\" \/><\/a>Rio de Janeiro &#8211; A ministra do <em><strong>Meio Ambiente<\/strong><\/em>, Izabella Teixeira, voltou a defender hoje (11) o veto presidencial ao novo <strong><em>C\u00f3digo Florestal<\/em><\/strong>, ap\u00f3s\u00a0<a href=\"http:\/\/agenciabrasil.ebc.com.br\/noticia\/2012-04-27\/texto-do-codigo-florestal-aprovado-na-camara-e-alvo-de-criticas-de-senadores\" target=\"_blank\">as modifica\u00e7\u00f5es que o texto sofreu na C\u00e2mara dos Deputados<\/a>. Izabella disse que a pasta est\u00e1 avaliando qual tipo de veto ser\u00e1 recomendado.<\/p>\n<p>\u201cEstamos avaliando o texto e vamos avaliar juridicamente se ele tem condi\u00e7\u00f5es ou n\u00e3o de ser aprovado. Agora, a nossa recomenda\u00e7\u00e3o \u00e9 que tenha veto. Vamos avaliar qual \u00e9 o melhor tipo de veto e como [isso] se desdobra\u201d, disse, ap\u00f3s participar, no Rio de Janeiro, de um debate com profissionais da m\u00eddia sobre a Confer\u00eancia das Na\u00e7\u00f5es Unidas sobre Desenvolvimento Sustent\u00e1vel (Rio+20).<\/p>\n<p>A ministra destacou que o texto aprovado pelos deputados, no fim de abril, \u201cs\u00f3 beneficia os grandes\u201d produtores. Ela argumentou que o documento precisa atender \u00e0s demandas de v\u00e1rios setores e garantir a prote\u00e7\u00e3o ao meio ambiente.<\/p>\n<p>\u201cTem muitos Chicos, mas tamb\u00e9m Franciscos no debate e o c\u00f3digo tem que atender a toda a sociedade brasileira e proteger o meio ambiente. O governo n\u00e3o admite retrocesso na legisla\u00e7\u00e3o ambiental, nem em qualquer situa\u00e7\u00e3o que possa impedir a produ\u00e7\u00e3o sustent\u00e1vel de alimentos no pa\u00eds com inclus\u00e3o. Temos que ter resposta aos pequenos [produtores]\u201d, disse.<\/p>\n<p>O projeto aprovado pelo Congresso Nacional est\u00e1 sob an\u00e1lise da presidenta Dilma Rousseff, que tem at\u00e9 o dia 25 para vetar parcialmente, integralmente ou sancionar o C\u00f3digo Florestal. O texto produzido pelos senadores foi considerado mais equilibrado pelo governo, mas a bancada ruralista na C\u00e2mara alterou o projeto e voltou a incluir pontos controversos, como a possibilidade de anistia a quem desmatou ilegalmente e a redu\u00e7\u00e3o dos par\u00e2metros de prote\u00e7\u00e3o de \u00e1reas de preserva\u00e7\u00e3o permanente (APPs).<\/p>\n<p>Thais Leit\u00e3o<br \/>\nRep\u00f3rter da Ag\u00eancia Brasil<\/p>\n<p>Edi\u00e7\u00e3o: F\u00e1bio Massalli<\/p>\n","protected":false},"excerpt":{"rendered":"<p>Rio de Janeiro &#8211; A ministra do Meio Ambiente, Izabella Teixeira, voltou a defender hoje (11) o veto presidencial ao novo C\u00f3digo Florestal, ap\u00f3s\u00a0as modifica\u00e7\u00f5es que o texto sofreu na C\u00e2mara dos Deputados. Izabella disse que a pasta est\u00e1 avaliando qual tipo de veto ser\u00e1 recomendado. \u201cEstamos avaliando o texto e vamos avaliar juridicamente se [&hellip;]<\/p>\n","protected":false},"author":5,"featured_media":34905,"comment_status":"open","ping_status":"closed","sticky":false,"template":"","format":"standard","meta":{"tdm_status":"","tdm_grid_status":"","footnotes":""},"categories":[22],"tags":[],"class_list":{"0":"post-39080","1":"post","2":"type-post","3":"status-publish","4":"format-standard","5":"has-post-thumbnail","7":"category-brasil"},"_links":{"self":[{"href":"https:\/\/migracao.redenoticia.com.br\/noticia\/wp-json\/wp\/v2\/posts\/39080","targetHints":{"allow":["GET"]}}],"collection":[{"href":"https:\/\/migracao.redenoticia.com.br\/noticia\/wp-json\/wp\/v2\/posts"}],"about":[{"href":"https:\/\/migracao.redenoticia.com.br\/noticia\/wp-json\/wp\/v2\/types\/post"}],"author":[{"embeddable":true,"href":"https:\/\/migracao.redenoticia.com.br\/noticia\/wp-json\/wp\/v2\/users\/5"}],"replies":[{"embeddable":true,"href":"https:\/\/migracao.redenoticia.com.br\/noticia\/wp-json\/wp\/v2\/comments?post=39080"}],"version-history":[{"count":0,"href":"https:\/\/migracao.redenoticia.com.br\/noticia\/wp-json\/wp\/v2\/posts\/39080\/revisions"}],"wp:featuredmedia":[{"embeddable":true,"href":"https:\/\/migracao.redenoticia.com.br\/noticia\/wp-json\/wp\/v2\/media\/34905"}],"wp:attachment":[{"href":"https:\/\/migracao.redenoticia.com.br\/noticia\/wp-json\/wp\/v2\/media?parent=39080"}],"wp:term":[{"taxonomy":"category","embeddable":true,"href":"https:\/\/migracao.redenoticia.com.br\/noticia\/wp-json\/wp\/v2\/categories?post=39080"},{"taxonomy":"post_tag","embeddable":true,"href":"https:\/\/migracao.redenoticia.com.br\/noticia\/wp-json\/wp\/v2\/tags?post=39080"}],"curies":[{"name":"wp","href":"https:\/\/api.w.org\/{rel}","templated":true}]}}