{"id":39082,"date":"2012-05-11T17:10:23","date_gmt":"2012-05-11T20:10:23","guid":{"rendered":"http:\/\/www.redenoticia.com.br\/noticia\/?p=39082"},"modified":"2012-05-11T17:10:26","modified_gmt":"2012-05-11T20:10:26","slug":"emprego-industrial-cai-04-em-marco-diz-ibge","status":"publish","type":"post","link":"https:\/\/migracao.redenoticia.com.br\/noticia\/2012\/emprego-industrial-cai-04-em-marco-diz-ibge\/39082","title":{"rendered":"Emprego industrial cai 0,4% em mar\u00e7o, diz IBGE"},"content":{"rendered":"<p><a href=\"https:\/\/migracao.redenoticia.com.br\/noticia\/2012\/38939\/38939\/grafico\" rel=\"attachment wp-att-38940\"><img loading=\"lazy\" decoding=\"async\" class=\"alignleft size-full wp-image-38940\" title=\"grafico\" src=\"https:\/\/migracao.redenoticia.com.br\/noticia\/imagens\/grafico.jpg\" alt=\"\" width=\"300\" height=\"193\" srcset=\"https:\/\/migracao.redenoticia.com.br\/noticia\/imagens\/grafico.jpg 300w, https:\/\/migracao.redenoticia.com.br\/noticia\/imagens\/grafico-250x160.jpg 250w, https:\/\/migracao.redenoticia.com.br\/noticia\/imagens\/grafico-150x96.jpg 150w\" sizes=\"auto, (max-width: 300px) 100vw, 300px\" \/><\/a>Rio de Janeiro &#8211; O<em><strong> emprego<\/strong><\/em> na ind\u00fastria caiu 0,4% em mar\u00e7o ante fevereiro e apresentou recuo de 1,2% na compara\u00e7\u00e3o com o mesmo per\u00edodo de 2011, sexto resultado negativo consecutivo nesse tipo de confronto e o mais intenso desde dezembro de 2009 (-2,4%). Os dados fazem parte da Pesquisa Industrial Mensal de Emprego e Sal\u00e1rio (Pimes) divulgada hoje (11) pelo Instituto Brasileiro de Geografia e Estat\u00edstica (<strong><em>IBGE<\/em><\/strong>).<\/p>\n<p>Em fevereiro, o \u00edndice ficou em 0,1% e em janeiro houve recuo de 0,3%. No ano, o \u00edndice acumula queda de 0,8% em compara\u00e7\u00e3o a igual per\u00edodo de 2011. A taxa de 0,2% dos \u00faltimos 12 meses seguiu a tend\u00eancia de queda no ritmo de crescimento que come\u00e7ou em fevereiro de 2011 (3,9%). Nos tr\u00eas primeiros meses do ano o emprego industrial recuou 0,3%, segundo trimestre consecutivo de taxa negativa, acumulando nesse per\u00edodo perda de 0,9%.<\/p>\n<p>Na compara\u00e7\u00e3o entre mar\u00e7o deste ano e o mesmo m\u00eas de 2011, o contingente de trabalhadores diminuiu em nove das 14 \u00e1reas pesquisadas. S\u00e3o Paulo apresentou o pior resultado (-3,2%), com taxas negativas em 14 dos 18 setores investigados. O destaque ficou com a redu\u00e7\u00e3o nas ind\u00fastrias de produtos de metal (-14,3%), m\u00e1quinas e aparelhos eletroeletr\u00f4nicos e de comunica\u00e7\u00f5es (-8,3%).<\/p>\n<p>Ainda segundo o IBGE, a Regi\u00e3o Nordeste tamb\u00e9m sofreu queda do emprego na ind\u00fastria de 2,4%, sobretudo, devido aos resultados negativos nos setores de vestu\u00e1rio (-8,9%), cal\u00e7ados e couro (-6,7%) e t\u00eaxtil (-11,7%). O resultado em Santa Catarina (-1,4%) foi influenciado pelas perdas nos setores madeira (-15,3%), vestu\u00e1rio (-3,5%), produtos de metal (-9,1%) e cal\u00e7ados e couro (-15,6%). No Cear\u00e1, a queda no emprego de -3,2% foi puxada pelas redu\u00e7\u00f5es nas \u00e1reas de vestu\u00e1rio (-7,6%), cal\u00e7ados e couro (-4,5%) e t\u00eaxtil (-9,1%).<\/p>\n<p>Os estados que apresentaram aumento na contrata\u00e7\u00e3o de empregados na ind\u00fastria foram Paran\u00e1 (3,2%) e Minas Gerais (1,9%). Na ind\u00fastria paranaense, as maiores influ\u00eancias positivas vieram dos setores de alimentos e bebidas (8,8%) e de m\u00e1quinas e aparelhos eletroeletr\u00f4nicos e de comunica\u00e7\u00f5es (37,4%). Em Minas os ramos de metalurgia b\u00e1sica (7,5%), ind\u00fastrias extrativas (8,6%) e produtos de metal (6,5%) foram os que tiveram os melhores resultados.<\/p>\n<p>Fl\u00e1via Villela<br \/>\nRep\u00f3rter da Ag\u00eancia Brasil<\/p>\n","protected":false},"excerpt":{"rendered":"<p>Rio de Janeiro &#8211; O emprego na ind\u00fastria caiu 0,4% em mar\u00e7o ante fevereiro e apresentou recuo de 1,2% na compara\u00e7\u00e3o com o mesmo per\u00edodo de 2011, sexto resultado negativo consecutivo nesse tipo de confronto e o mais intenso desde dezembro de 2009 (-2,4%). Os dados fazem parte da Pesquisa Industrial Mensal de Emprego e [&hellip;]<\/p>\n","protected":false},"author":5,"featured_media":38940,"comment_status":"open","ping_status":"closed","sticky":false,"template":"","format":"standard","meta":{"tdm_status":"","tdm_grid_status":"","footnotes":""},"categories":[22],"tags":[],"class_list":{"0":"post-39082","1":"post","2":"type-post","3":"status-publish","4":"format-standard","5":"has-post-thumbnail","7":"category-brasil"},"_links":{"self":[{"href":"https:\/\/migracao.redenoticia.com.br\/noticia\/wp-json\/wp\/v2\/posts\/39082","targetHints":{"allow":["GET"]}}],"collection":[{"href":"https:\/\/migracao.redenoticia.com.br\/noticia\/wp-json\/wp\/v2\/posts"}],"about":[{"href":"https:\/\/migracao.redenoticia.com.br\/noticia\/wp-json\/wp\/v2\/types\/post"}],"author":[{"embeddable":true,"href":"https:\/\/migracao.redenoticia.com.br\/noticia\/wp-json\/wp\/v2\/users\/5"}],"replies":[{"embeddable":true,"href":"https:\/\/migracao.redenoticia.com.br\/noticia\/wp-json\/wp\/v2\/comments?post=39082"}],"version-history":[{"count":0,"href":"https:\/\/migracao.redenoticia.com.br\/noticia\/wp-json\/wp\/v2\/posts\/39082\/revisions"}],"wp:featuredmedia":[{"embeddable":true,"href":"https:\/\/migracao.redenoticia.com.br\/noticia\/wp-json\/wp\/v2\/media\/38940"}],"wp:attachment":[{"href":"https:\/\/migracao.redenoticia.com.br\/noticia\/wp-json\/wp\/v2\/media?parent=39082"}],"wp:term":[{"taxonomy":"category","embeddable":true,"href":"https:\/\/migracao.redenoticia.com.br\/noticia\/wp-json\/wp\/v2\/categories?post=39082"},{"taxonomy":"post_tag","embeddable":true,"href":"https:\/\/migracao.redenoticia.com.br\/noticia\/wp-json\/wp\/v2\/tags?post=39082"}],"curies":[{"name":"wp","href":"https:\/\/api.w.org\/{rel}","templated":true}]}}