{"id":39083,"date":"2012-05-11T17:12:12","date_gmt":"2012-05-11T20:12:12","guid":{"rendered":"http:\/\/www.redenoticia.com.br\/noticia\/?p=39083"},"modified":"2012-05-17T19:50:17","modified_gmt":"2012-05-17T22:50:17","slug":"ufscar-realiza-curso-de-extensao-em-geoestatistica","status":"publish","type":"post","link":"https:\/\/migracao.redenoticia.com.br\/noticia\/2012\/ufscar-realiza-curso-de-extensao-em-geoestatistica\/39083","title":{"rendered":"UFSCar realiza curso de extens\u00e3o em Geoestat\u00edstica"},"content":{"rendered":"<p><a href=\"https:\/\/migracao.redenoticia.com.br\/noticia\/2011\/sp-abre-inscricoes-para-atribuicao-de-aulas-de-2012\/36245\/professor-a\" rel=\"attachment wp-att-36246\"><img loading=\"lazy\" decoding=\"async\" class=\"alignleft size-full wp-image-36246\" title=\"professor a\" src=\"https:\/\/migracao.redenoticia.com.br\/noticia\/imagens\/professor-a.jpg\" alt=\"\" width=\"300\" height=\"193\" srcset=\"https:\/\/migracao.redenoticia.com.br\/noticia\/imagens\/professor-a.jpg 300w, https:\/\/migracao.redenoticia.com.br\/noticia\/imagens\/professor-a-250x161.jpg 250w, https:\/\/migracao.redenoticia.com.br\/noticia\/imagens\/professor-a-150x97.jpg 150w\" sizes=\"auto, (max-width: 300px) 100vw, 300px\" \/><\/a>Atividade ser\u00e1 nos dias 2, 16 e 23 de junho e s\u00e3o oferecidas 12 vagas.\u00a0O N\u00facleo de Geoprocessamento do Departamento de Engenharia Civil (DECiv) da Universidade Federal de S\u00e3o Carlos (<strong><em>UFSCar<\/em><\/strong>) realiza nos dias 2, 16 e 23 de junho o Curso de Extens\u00e3o em <strong><em>Geoestat\u00edstica<\/em><\/strong>. S\u00e3o oferecidas 12 vagas e as inscri\u00e7\u00f5es est\u00e3o abertas e podem ser feitas pelo site www.nucleodegeo.ufscar.br.<\/p>\n<p>O objetivo do Curso \u00e9 apresentar e discutir conceitos de Geoestat\u00edstica em um ambiente computacional (SPRING), por meio de embasamento te\u00f3rico e aplica\u00e7\u00e3o pr\u00e1tica. As aulas te\u00f3ricas e pr\u00e1ticas ser\u00e3o oferecidas aos s\u00e1bados, das 8 \u00e0s 12 horas e das 14 \u00e0s 18 horas, em salas e laborat\u00f3rios com recursos audiovisuais e de inform\u00e1tica. O estudante deve utilizar seu pr\u00f3prio computador (laptop com acesso a rede wi-fi) nas aulas te\u00f3ricas e pr\u00e1ticas.<\/p>\n<p>Os candidatos interessados devem possuir conhecimento b\u00e1sico de uso de computadores em ambiente Windows ou Linux; conhecimentos do aplicativo SPRING; e efetuar a quita\u00e7\u00e3o da inscri\u00e7\u00e3o e envio de c\u00f3pia do boleto banc\u00e1rio para o e-mail nucleodegeo@ufscar.br.<br \/>\nO Curso tem carga hor\u00e1ria de 24 horas e o aluno que concluir todas as atividades did\u00e1ticas e tiver frequ\u00eancia superior a 75% receber\u00e1 certificado.<\/p>\n<p>Mais informa\u00e7\u00f5es sobre inscri\u00e7\u00e3o, valores, dentre outros dados podem ser obtidas no site do Curso, www.nucleodegeo.ufscar.br ou pelo e-mail nucleodegeo@ufscar.br.<\/p>\n","protected":false},"excerpt":{"rendered":"<p>Atividade ser\u00e1 nos dias 2, 16 e 23 de junho e s\u00e3o oferecidas 12 vagas.\u00a0O N\u00facleo de Geoprocessamento do Departamento de Engenharia Civil (DECiv) da Universidade Federal de S\u00e3o Carlos (UFSCar) realiza nos dias 2, 16 e 23 de junho o Curso de Extens\u00e3o em Geoestat\u00edstica. S\u00e3o oferecidas 12 vagas e as inscri\u00e7\u00f5es est\u00e3o abertas [&hellip;]<\/p>\n","protected":false},"author":5,"featured_media":36246,"comment_status":"open","ping_status":"closed","sticky":false,"template":"","format":"standard","meta":{"tdm_status":"","tdm_grid_status":"","footnotes":""},"categories":[22],"tags":[],"class_list":{"0":"post-39083","1":"post","2":"type-post","3":"status-publish","4":"format-standard","5":"has-post-thumbnail","7":"category-brasil"},"_links":{"self":[{"href":"https:\/\/migracao.redenoticia.com.br\/noticia\/wp-json\/wp\/v2\/posts\/39083","targetHints":{"allow":["GET"]}}],"collection":[{"href":"https:\/\/migracao.redenoticia.com.br\/noticia\/wp-json\/wp\/v2\/posts"}],"about":[{"href":"https:\/\/migracao.redenoticia.com.br\/noticia\/wp-json\/wp\/v2\/types\/post"}],"author":[{"embeddable":true,"href":"https:\/\/migracao.redenoticia.com.br\/noticia\/wp-json\/wp\/v2\/users\/5"}],"replies":[{"embeddable":true,"href":"https:\/\/migracao.redenoticia.com.br\/noticia\/wp-json\/wp\/v2\/comments?post=39083"}],"version-history":[{"count":0,"href":"https:\/\/migracao.redenoticia.com.br\/noticia\/wp-json\/wp\/v2\/posts\/39083\/revisions"}],"wp:featuredmedia":[{"embeddable":true,"href":"https:\/\/migracao.redenoticia.com.br\/noticia\/wp-json\/wp\/v2\/media\/36246"}],"wp:attachment":[{"href":"https:\/\/migracao.redenoticia.com.br\/noticia\/wp-json\/wp\/v2\/media?parent=39083"}],"wp:term":[{"taxonomy":"category","embeddable":true,"href":"https:\/\/migracao.redenoticia.com.br\/noticia\/wp-json\/wp\/v2\/categories?post=39083"},{"taxonomy":"post_tag","embeddable":true,"href":"https:\/\/migracao.redenoticia.com.br\/noticia\/wp-json\/wp\/v2\/tags?post=39083"}],"curies":[{"name":"wp","href":"https:\/\/api.w.org\/{rel}","templated":true}]}}