{"id":39084,"date":"2012-05-11T17:13:45","date_gmt":"2012-05-11T20:13:45","guid":{"rendered":"http:\/\/www.redenoticia.com.br\/noticia\/?p=39084"},"modified":"2012-05-17T19:50:53","modified_gmt":"2012-05-17T22:50:53","slug":"unesp-cria-pos-graduacao-em-ciencias-ambientais-em-sorocaba","status":"publish","type":"post","link":"https:\/\/migracao.redenoticia.com.br\/noticia\/2012\/unesp-cria-pos-graduacao-em-ciencias-ambientais-em-sorocaba\/39084","title":{"rendered":"Unesp cria p\u00f3s-gradua\u00e7\u00e3o em ci\u00eancias ambientais em Sorocaba"},"content":{"rendered":"<p><a href=\"https:\/\/migracao.redenoticia.com.br\/noticia\/2011\/unesco-concurso-de-trabalhos-escritos-e-desenhos\/36264\/aluno-b\" rel=\"attachment wp-att-36265\"><img loading=\"lazy\" decoding=\"async\" class=\"alignleft size-full wp-image-36265\" title=\"aluno b\" src=\"https:\/\/migracao.redenoticia.com.br\/noticia\/imagens\/aluno-b.jpg\" alt=\"\" width=\"300\" height=\"193\" srcset=\"https:\/\/migracao.redenoticia.com.br\/noticia\/imagens\/aluno-b.jpg 300w, https:\/\/migracao.redenoticia.com.br\/noticia\/imagens\/aluno-b-250x161.jpg 250w, https:\/\/migracao.redenoticia.com.br\/noticia\/imagens\/aluno-b-150x97.jpg 150w\" sizes=\"auto, (max-width: 300px) 100vw, 300px\" \/><\/a>Ag\u00eancia FAPESP \u2013 A Coordenadoria de Aperfei\u00e7oamento de Pessoal de Ensino Superior (Capes) aprovou a cria\u00e7\u00e3o de um Programa de P\u00f3s-Gradua\u00e7\u00e3o em Ci\u00eancias Ambientais stricto sensu pela Universidade Estadual Paulista (<strong><em>Unesp)<\/em><\/strong>, campus de Sorocaba.\u00a0De acordo com a universidade, o curso deve contribuir para a forma\u00e7\u00e3o qualificada de recursos humanos e para o desenvolvimento cient\u00edfico-tecnol\u00f3gico de uma \u00e1rea em consolida\u00e7\u00e3o no Brasil.<\/p>\n<p>O pesquisador e o profissional formados pelo programa reunir\u00e3o conhecimentos t\u00e9cnicos e cient\u00edficos para atuar em atividades vinculadas ao diagn\u00f3stico, tratamento e recupera\u00e7\u00e3o ambiental.<\/p>\n<p>Os futuros mestres e doutores poder\u00e3o trabalhar no ensino e na pesquisa em institui\u00e7\u00f5es de ensino superior ou, ainda, em organiza\u00e7\u00f5es p\u00fablicas e privadas, propondo e implantando projetos ambientais.<\/p>\n<p>O programa contar\u00e1 com 15 disciplinas: An\u00e1lise qu\u00edmica aplicada a amostras e processos ambientais; Climatologia, hidrologia e estat\u00edstica aplicada; Ecotoxicologia aqu\u00e1tica; F\u00edsica Ambiental; Gest\u00e3o ambiental; Gest\u00e3o de recursos h\u00eddricos; Limnologia e ecossistemas aqu\u00e1ticos; L\u00f3gica Fuzzy; Manejo e gest\u00e3o de bacias hidrogr\u00e1ficas; M\u00e9todos e t\u00e9cnicas de an\u00e1lise espacial de dados ambientais; Modelagem matem\u00e1tica; Processamento de imagens aplicado ao sensoriamento remoto; Recupera\u00e7\u00e3o de \u00e1reas degradadas; T\u00f3picos especiais em ci\u00eancias ambientais; e Tratamento de efluentes l\u00edquidos.<\/p>\n<p>\u201cS\u00e3o assuntos que fundamentam as premissas do desenvolvimento sustent\u00e1vel e permitem o estabelecimento de n\u00edveis desej\u00e1veis de qualidade de vida \u00e0 popula\u00e7\u00e3o\u201d, explicou Andr\u00e9 Henrique Rosa, coordenador do programa e professor da Unesp em Sorocaba.<\/p>\n<p>Mais informa\u00e7\u00f5es: www.unesp.br\/noticia.php?artigo=8383.<\/p>\n","protected":false},"excerpt":{"rendered":"<p>Ag\u00eancia FAPESP \u2013 A Coordenadoria de Aperfei\u00e7oamento de Pessoal de Ensino Superior (Capes) aprovou a cria\u00e7\u00e3o de um Programa de P\u00f3s-Gradua\u00e7\u00e3o em Ci\u00eancias Ambientais stricto sensu pela Universidade Estadual Paulista (Unesp), campus de Sorocaba.\u00a0De acordo com a universidade, o curso deve contribuir para a forma\u00e7\u00e3o qualificada de recursos humanos e para o desenvolvimento cient\u00edfico-tecnol\u00f3gico de [&hellip;]<\/p>\n","protected":false},"author":5,"featured_media":36265,"comment_status":"open","ping_status":"closed","sticky":false,"template":"","format":"standard","meta":{"tdm_status":"","tdm_grid_status":"","footnotes":""},"categories":[22],"tags":[],"class_list":{"0":"post-39084","1":"post","2":"type-post","3":"status-publish","4":"format-standard","5":"has-post-thumbnail","7":"category-brasil"},"_links":{"self":[{"href":"https:\/\/migracao.redenoticia.com.br\/noticia\/wp-json\/wp\/v2\/posts\/39084","targetHints":{"allow":["GET"]}}],"collection":[{"href":"https:\/\/migracao.redenoticia.com.br\/noticia\/wp-json\/wp\/v2\/posts"}],"about":[{"href":"https:\/\/migracao.redenoticia.com.br\/noticia\/wp-json\/wp\/v2\/types\/post"}],"author":[{"embeddable":true,"href":"https:\/\/migracao.redenoticia.com.br\/noticia\/wp-json\/wp\/v2\/users\/5"}],"replies":[{"embeddable":true,"href":"https:\/\/migracao.redenoticia.com.br\/noticia\/wp-json\/wp\/v2\/comments?post=39084"}],"version-history":[{"count":0,"href":"https:\/\/migracao.redenoticia.com.br\/noticia\/wp-json\/wp\/v2\/posts\/39084\/revisions"}],"wp:featuredmedia":[{"embeddable":true,"href":"https:\/\/migracao.redenoticia.com.br\/noticia\/wp-json\/wp\/v2\/media\/36265"}],"wp:attachment":[{"href":"https:\/\/migracao.redenoticia.com.br\/noticia\/wp-json\/wp\/v2\/media?parent=39084"}],"wp:term":[{"taxonomy":"category","embeddable":true,"href":"https:\/\/migracao.redenoticia.com.br\/noticia\/wp-json\/wp\/v2\/categories?post=39084"},{"taxonomy":"post_tag","embeddable":true,"href":"https:\/\/migracao.redenoticia.com.br\/noticia\/wp-json\/wp\/v2\/tags?post=39084"}],"curies":[{"name":"wp","href":"https:\/\/api.w.org\/{rel}","templated":true}]}}