{"id":39101,"date":"2012-05-14T17:01:01","date_gmt":"2012-05-14T20:01:01","guid":{"rendered":"http:\/\/www.redenoticia.com.br\/noticia\/?p=39101"},"modified":"2012-05-14T17:01:03","modified_gmt":"2012-05-14T20:01:03","slug":"unesp-oferece-fisioterapia-pos-natal-gratuita","status":"publish","type":"post","link":"https:\/\/migracao.redenoticia.com.br\/noticia\/2012\/unesp-oferece-fisioterapia-pos-natal-gratuita\/39101","title":{"rendered":"Unesp oferece fisioterapia p\u00f3s-natal gratuita"},"content":{"rendered":"<p><a href=\"https:\/\/migracao.redenoticia.com.br\/noticia\/2009\/pos-a-gravidez-plastica-ou-tratamento\/958\/gravida\" rel=\"attachment wp-att-1715\"><img loading=\"lazy\" decoding=\"async\" class=\"alignleft size-full wp-image-1715\" title=\"gravida\" src=\"https:\/\/migracao.redenoticia.com.br\/noticia\/imagens\/gravida.jpg\" alt=\"\" width=\"150\" height=\"113\" \/><\/a>Ag\u00eancia<em><strong> FAPESP<\/strong>\u00a0<\/em>\u2013 O campus de Presidente Prudente da Universidade Estadual Paulista (<strong><em>Unesp<\/em><\/strong>) passou a oferecer um novo servi\u00e7o gratuito: a fisioterapia p\u00f3s-natal.\u00a0Criado e desenvolvido pela professora Edna Maria do Carmo, do Departamento de Fisioterapia, o atendimento conta com uma equipe formada por alunos do curso de especializa\u00e7\u00e3o em Fisioterapia e graduandos.\u00a0O grupo visita as parturientes em uma maternidade estadual parceira do projeto no dia seguinte ao parto. O objetivo \u00e9 alertar as mulheres sobre a import\u00e2ncia de cuidar de sua pr\u00f3pria sa\u00fade no per\u00edodo que sucede o nascimento.<\/p>\n<p>Cerca de um m\u00eas depois, o grupo ir\u00e1 at\u00e9 a resid\u00eancia das m\u00e3es que demonstrarem interesse no tratamento fisioter\u00e1pico p\u00f3s-natal e analisar\u00e1 as altera\u00e7\u00f5es f\u00edsicas e emocionais pelas quais elas est\u00e3o passando. Antes de come\u00e7ar as atividades, a mulher deve ir ao m\u00e9dico e pedir o encaminhamento para as sess\u00f5es de fisioterapia.<\/p>\n<p>O programa \u00e9 realizado \u00e0s segundas e sextas feiras, das 16h \u00e0s 17h, e \u00e0s ter\u00e7as e quintas, das 10h \u00e0s 11h ou das 17h30 \u00e0s 18h30. Para fortalecer o v\u00ednculo, os beb\u00eas tamb\u00e9m participam em algumas sess\u00f5es.<\/p>\n","protected":false},"excerpt":{"rendered":"<p>Ag\u00eancia FAPESP\u00a0\u2013 O campus de Presidente Prudente da Universidade Estadual Paulista (Unesp) passou a oferecer um novo servi\u00e7o gratuito: a fisioterapia p\u00f3s-natal.\u00a0Criado e desenvolvido pela professora Edna Maria do Carmo, do Departamento de Fisioterapia, o atendimento conta com uma equipe formada por alunos do curso de especializa\u00e7\u00e3o em Fisioterapia e graduandos.\u00a0O grupo visita as parturientes [&hellip;]<\/p>\n","protected":false},"author":5,"featured_media":0,"comment_status":"open","ping_status":"closed","sticky":false,"template":"","format":"standard","meta":{"tdm_status":"","tdm_grid_status":"","footnotes":""},"categories":[22,5],"tags":[],"class_list":{"0":"post-39101","1":"post","2":"type-post","3":"status-publish","4":"format-standard","6":"category-brasil","7":"category-saude-e-vida"},"_links":{"self":[{"href":"https:\/\/migracao.redenoticia.com.br\/noticia\/wp-json\/wp\/v2\/posts\/39101","targetHints":{"allow":["GET"]}}],"collection":[{"href":"https:\/\/migracao.redenoticia.com.br\/noticia\/wp-json\/wp\/v2\/posts"}],"about":[{"href":"https:\/\/migracao.redenoticia.com.br\/noticia\/wp-json\/wp\/v2\/types\/post"}],"author":[{"embeddable":true,"href":"https:\/\/migracao.redenoticia.com.br\/noticia\/wp-json\/wp\/v2\/users\/5"}],"replies":[{"embeddable":true,"href":"https:\/\/migracao.redenoticia.com.br\/noticia\/wp-json\/wp\/v2\/comments?post=39101"}],"version-history":[{"count":0,"href":"https:\/\/migracao.redenoticia.com.br\/noticia\/wp-json\/wp\/v2\/posts\/39101\/revisions"}],"wp:attachment":[{"href":"https:\/\/migracao.redenoticia.com.br\/noticia\/wp-json\/wp\/v2\/media?parent=39101"}],"wp:term":[{"taxonomy":"category","embeddable":true,"href":"https:\/\/migracao.redenoticia.com.br\/noticia\/wp-json\/wp\/v2\/categories?post=39101"},{"taxonomy":"post_tag","embeddable":true,"href":"https:\/\/migracao.redenoticia.com.br\/noticia\/wp-json\/wp\/v2\/tags?post=39101"}],"curies":[{"name":"wp","href":"https:\/\/api.w.org\/{rel}","templated":true}]}}